{"id":4178,"date":"2025-12-02T21:59:27","date_gmt":"2025-12-02T20:59:27","guid":{"rendered":"https:\/\/soleylingo.sk\/?p=4178"},"modified":"2025-12-03T21:57:18","modified_gmt":"2025-12-03T20:57:18","slug":"mesto-ktore-dycha-fantaziou-a-gaudiho-genialitou","status":"publish","type":"post","link":"https:\/\/soleylingo.sk\/hu\/mesto-ktore-dycha-fantaziou-a-gaudiho-genialitou\/","title":{"rendered":"Egy v\u00e1ros, amely a fant\u00e1zi\u00e1t \u00e9s Gaud\u00ed zsenialit\u00e1s\u00e1t sug\u00e1rozza"},"content":{"rendered":"<p>Barcelona egyike azoknak a v\u00e1rosoknak, amelyekbe az ember beleszeret, miel\u0151tt \u00e9szrevenn\u00e9. Karaktere, ritmusa \u00e9s \u00f6sszet\u00e9veszthetetlen sz\u00e9ps\u00e9ge sok embert k\u00e9pes a sz\u00edv\u00e9n\u00e9l fogva megragadni. \u00c9n is k\u00f6z\u00e9j\u00fck tartozom. Minden reggel egy olyan v\u00e1rosra \u00e9bredek, amely tele van sz\u00ednekkel, hangokkal, illatokkal \u00e9s t\u00f6rt\u00e9netekkel, amelyek olyan term\u00e9szetesen keverednek, mint az emberek az utc\u00e1in. Barcelona egy olyan hely, ahol <strong>modern m\u0171v\u00e9szet s\u00e9t\u00e1l g\u00f3tikus falak mellett, ahol az \u00e9letet hangosan, spont\u00e1n \u00e9s hihetetlen karizm\u00e1val \u00e9lik meg<\/strong>. A hat h\u00f3napos gyakornoki id\u0151m alatt nemcsak Gaud\u00ed \u00edveit fedeztem fel, hanem egy olyan kultur\u00e1lisan gazdag \u00e9s vibr\u00e1l\u00f3 v\u00e1ros mindennapi ritmus\u00e1t is, amelyr\u0151l \u00fagy \u00e9rzed, hogy veled egy\u00fctt l\u00e9legzik.<\/p>\n<p><img fetchpriority=\"high\" decoding=\"async\" class=\"alignnone wp-image-4184\" src=\"https:\/\/soleylingo.sk\/wp-content\/uploads\/2025\/12\/pexels-blazearth-34986326-683x1024.jpg\" alt=\"\" width=\"197\" height=\"295\" srcset=\"https:\/\/soleylingo.sk\/wp-content\/uploads\/2025\/12\/pexels-blazearth-34986326-683x1024.jpg 683w, https:\/\/soleylingo.sk\/wp-content\/uploads\/2025\/12\/pexels-blazearth-34986326-200x300.jpg 200w, https:\/\/soleylingo.sk\/wp-content\/uploads\/2025\/12\/pexels-blazearth-34986326-768x1152.jpg 768w, https:\/\/soleylingo.sk\/wp-content\/uploads\/2025\/12\/pexels-blazearth-34986326-1024x1536.jpg 1024w, https:\/\/soleylingo.sk\/wp-content\/uploads\/2025\/12\/pexels-blazearth-34986326-1365x2048.jpg 1365w, https:\/\/soleylingo.sk\/wp-content\/uploads\/2025\/12\/pexels-blazearth-34986326-8x12.jpg 8w, https:\/\/soleylingo.sk\/wp-content\/uploads\/2025\/12\/pexels-blazearth-34986326-600x900.jpg 600w, https:\/\/soleylingo.sk\/wp-content\/uploads\/2025\/12\/pexels-blazearth-34986326-scaled.jpg 1707w\" sizes=\"(max-width: 197px) 100vw, 197px\" \/> \u00a0<img decoding=\"async\" class=\"alignnone wp-image-4185\" src=\"https:\/\/soleylingo.sk\/wp-content\/uploads\/2025\/12\/pexels-apasaric-1388030-1024x683.jpg\" alt=\"\" width=\"440\" height=\"294\" srcset=\"https:\/\/soleylingo.sk\/wp-content\/uploads\/2025\/12\/pexels-apasaric-1388030-1024x683.jpg 1024w, https:\/\/soleylingo.sk\/wp-content\/uploads\/2025\/12\/pexels-apasaric-1388030-300x200.jpg 300w, https:\/\/soleylingo.sk\/wp-content\/uploads\/2025\/12\/pexels-apasaric-1388030-768x512.jpg 768w, https:\/\/soleylingo.sk\/wp-content\/uploads\/2025\/12\/pexels-apasaric-1388030-1536x1024.jpg 1536w, https:\/\/soleylingo.sk\/wp-content\/uploads\/2025\/12\/pexels-apasaric-1388030-2048x1365.jpg 2048w, https:\/\/soleylingo.sk\/wp-content\/uploads\/2025\/12\/pexels-apasaric-1388030-18x12.jpg 18w, https:\/\/soleylingo.sk\/wp-content\/uploads\/2025\/12\/pexels-apasaric-1388030-600x400.jpg 600w\" sizes=\"(max-width: 440px) 100vw, 440px\" \/>\u00a0 <img decoding=\"async\" class=\"alignnone wp-image-4186\" src=\"https:\/\/soleylingo.sk\/wp-content\/uploads\/2025\/12\/pexels-svitlana-shakalova-1789851085-34942063-683x1024.jpg\" alt=\"\" width=\"197\" height=\"296\" srcset=\"https:\/\/soleylingo.sk\/wp-content\/uploads\/2025\/12\/pexels-svitlana-shakalova-1789851085-34942063-683x1024.jpg 683w, https:\/\/soleylingo.sk\/wp-content\/uploads\/2025\/12\/pexels-svitlana-shakalova-1789851085-34942063-200x300.jpg 200w, https:\/\/soleylingo.sk\/wp-content\/uploads\/2025\/12\/pexels-svitlana-shakalova-1789851085-34942063-768x1152.jpg 768w, https:\/\/soleylingo.sk\/wp-content\/uploads\/2025\/12\/pexels-svitlana-shakalova-1789851085-34942063-1024x1536.jpg 1024w, https:\/\/soleylingo.sk\/wp-content\/uploads\/2025\/12\/pexels-svitlana-shakalova-1789851085-34942063-1365x2048.jpg 1365w, https:\/\/soleylingo.sk\/wp-content\/uploads\/2025\/12\/pexels-svitlana-shakalova-1789851085-34942063-8x12.jpg 8w, https:\/\/soleylingo.sk\/wp-content\/uploads\/2025\/12\/pexels-svitlana-shakalova-1789851085-34942063-600x900.jpg 600w, https:\/\/soleylingo.sk\/wp-content\/uploads\/2025\/12\/pexels-svitlana-shakalova-1789851085-34942063-scaled.jpg 1707w\" sizes=\"(max-width: 197px) 100vw, 197px\" \/><\/p>\n<p>Barcelona egy nyitott, kreat\u00edv \u00e9s vibr\u00e1l\u00f3 v\u00e1ros, tele kult\u00far\u00e1val, politik\u00e1val, kereskedelemmel, illatokkal \u00e9s sz\u00ednekkel. Egy metropolisz, ahol a vil\u00e1g minden nyelve hallhat\u00f3, \u00e9s ahol a helyiek \u00e9s a l\u00e1togat\u00f3k egyar\u00e1nt term\u00e9szetes m\u00f3don mer\u00fclnek el a gazdag katal\u00e1n kult\u00far\u00e1ban \u00e9s hagyom\u00e1nyokban. <strong>Katal\u00f3nia f\u0151v\u00e1rosa - egy er\u0151s identit\u00e1ssal, saj\u00e1t nyelvvel \u00e9s t\u00f6rt\u00e9nelemmel rendelkez\u0151 r\u00e9gi\u00f3.<\/strong>, amely m\u00e9g Spanyolorsz\u00e1gon bel\u00fcl is jelent\u0151s auton\u00f3mi\u00e1t tart fenn. A katal\u00e1n nyelvet mindenhol besz\u00e9lik: az \u00fczletekben, a k\u00f6zleked\u00e9sben, az iskol\u00e1kban \u00e9s az irod\u00e1kban. A spanyol, az angol \u00e9s t\u00f6bb tucat m\u00e1s nyelv mellett, amelyeket a vil\u00e1g minden t\u00e1j\u00e1r\u00f3l \u00e9rkezett emberek hoztak ide. Ezek teszik Barcelon\u00e1t olyan soksz\u00edn\u0171v\u00e9, multikultur\u00e1liss\u00e1 \u00e9s egyediv\u00e9.<\/p>\n<p>Az erk\u00e9lyekr\u0151l sz\u00e1mos z\u00e1szl\u00f3 l\u00f3g ki. A leggyakoribbak a katal\u00e1n z\u00e1szl\u00f3k. B\u00fcszke n\u00e9p, \u00e9s nagy r\u00e9sz\u00fck els\u0151sorban katal\u00e1nnak, nem pedig spanyolnak tartja mag\u00e1t. A z\u00e1szl\u00f3kkal \u00edgy fejezik ki v\u00e9lem\u00e9ny\u00fcket \u00e9s identit\u00e1sukat.<\/p>\n<p><strong>Az els\u0151 sz\u00f3, ami eszembe jut, ha Barcelon\u00e1ra gondolok? M\u0171v\u00e9szet.<\/strong><\/p>\n<p>A m\u0171v\u00e9szet minden\u00fctt jelen van - az \u00e9p\u00edt\u00e9szetben, a zen\u00e9ben, a hagyom\u00e1nyos konyh\u00e1ban, az utc\u00e1kon, a m\u0171v\u00e9szet \u00e9s a t\u00e1nc form\u00e1j\u00e1ban. Barcelon\u00e1nak n\u00e9gy arca, n\u00e9gy t\u00f6rt\u00e9nelmi r\u00e9tege van, amelyek karaktert adnak neki: <strong>R\u00f3mai, k\u00f6z\u00e9pkori, modernista \u00e9s kort\u00e1rs<\/strong>. Mindegyik\u00fck m\u00e1s \u00e9s m\u00e1s, m\u00e9gis mindannyian egy\u00fctt harmonikus eg\u00e9szet alkotnak.<\/p>\n<h4><span style=\"color: #333333;\"><strong>\u00d3v\u00e1ros: G\u00f3tikus negyed \u00e9s Raval<\/strong><\/span><\/h4>\n<p>Ha szeretn\u00e9 megismerni Barcelona sz\u00edv\u00e9t, akkor kezdje a <strong>Placa Catalunya<\/strong> - a legforgalmasabb t\u00e9r, amely \u00f6sszek\u00f6ti az \u00f3v\u00e1rost (Barri G\u00f2tic \u00e9s Raval) a modern Eixample negyeddel. Innen indulnak a legh\u00edresebb utc\u00e1k: a Passeig de Gr\u00e0cia, a Rambla de Catalunya \u00e9s az ikonikus La Rambla.<\/p>\n<p><img loading=\"lazy\" decoding=\"async\" class=\"alignnone wp-image-4190\" src=\"https:\/\/soleylingo.sk\/wp-content\/uploads\/2025\/12\/barca.jpg.webp\" alt=\"\" width=\"274\" height=\"181\" srcset=\"https:\/\/soleylingo.sk\/wp-content\/uploads\/2025\/12\/barca.jpg.webp 616w, https:\/\/soleylingo.sk\/wp-content\/uploads\/2025\/12\/barca.jpg-300x199.webp 300w, https:\/\/soleylingo.sk\/wp-content\/uploads\/2025\/12\/barca.jpg-18x12.webp 18w, https:\/\/soleylingo.sk\/wp-content\/uploads\/2025\/12\/barca.jpg-600x397.webp 600w\" sizes=\"(max-width: 274px) 100vw, 274px\" \/>\u00a0 <img loading=\"lazy\" decoding=\"async\" class=\"alignnone wp-image-4191\" src=\"https:\/\/soleylingo.sk\/wp-content\/uploads\/2025\/12\/dsc_0808-1024x683.jpg\" alt=\"\" width=\"276\" height=\"184\" srcset=\"https:\/\/soleylingo.sk\/wp-content\/uploads\/2025\/12\/dsc_0808-1024x683.jpg 1024w, https:\/\/soleylingo.sk\/wp-content\/uploads\/2025\/12\/dsc_0808-300x200.jpg 300w, https:\/\/soleylingo.sk\/wp-content\/uploads\/2025\/12\/dsc_0808-768x512.jpg 768w, https:\/\/soleylingo.sk\/wp-content\/uploads\/2025\/12\/dsc_0808-1536x1024.jpg 1536w, https:\/\/soleylingo.sk\/wp-content\/uploads\/2025\/12\/dsc_0808-2048x1365.jpg 2048w, https:\/\/soleylingo.sk\/wp-content\/uploads\/2025\/12\/dsc_0808-18x12.jpg 18w, https:\/\/soleylingo.sk\/wp-content\/uploads\/2025\/12\/dsc_0808-600x400.jpg 600w\" sizes=\"(max-width: 276px) 100vw, 276px\" \/>\u00a0 <img loading=\"lazy\" decoding=\"async\" class=\"alignnone wp-image-4192\" src=\"https:\/\/soleylingo.sk\/wp-content\/uploads\/2025\/12\/78722573_o-1024x685.jpg\" alt=\"\" width=\"273\" height=\"183\" srcset=\"https:\/\/soleylingo.sk\/wp-content\/uploads\/2025\/12\/78722573_o-1024x685.jpg 1024w, https:\/\/soleylingo.sk\/wp-content\/uploads\/2025\/12\/78722573_o-300x201.jpg 300w, https:\/\/soleylingo.sk\/wp-content\/uploads\/2025\/12\/78722573_o-768x514.jpg 768w, https:\/\/soleylingo.sk\/wp-content\/uploads\/2025\/12\/78722573_o-1536x1028.jpg 1536w, https:\/\/soleylingo.sk\/wp-content\/uploads\/2025\/12\/78722573_o-18x12.jpg 18w, https:\/\/soleylingo.sk\/wp-content\/uploads\/2025\/12\/78722573_o-600x401.jpg 600w, https:\/\/soleylingo.sk\/wp-content\/uploads\/2025\/12\/78722573_o.jpg 2048w\" sizes=\"(max-width: 273px) 100vw, 273px\" \/><\/p>\n<p><strong>La Rambla<\/strong> Barcelona legl\u00e1togatottabb utc\u00e1ja, tele m\u0171v\u00e9szekkel, zen\u00e9szekkel, paella illat\u00e1val, vir\u00e1gokkal \u00e9s utcai \u00e9lettel. Ahogy Federico Garc\u00eda Lorca k\u00f6lt\u0151 mondta: <em>\"Ez az egyetlen utca a vil\u00e1gon, aminek nem szeretn\u00e9m, ha valaha is v\u00e9ge lenne.\"<\/em>\u00a0 Itt azonban vigy\u00e1zni kell a zsebtolvajokkal.<\/p>\n<p><strong>La Boqueria - egy piac, amely t\u00f6rt\u00e9nelmet l\u00e9legzik<\/strong><\/p>\n<p><strong>A legnagyobb \u00e9s legh\u00edresebb piac Barcelon\u00e1ban<\/strong>A La Boqueria 1217 \u00f3ta l\u00e9tezik, \u00e9s m\u00e9g ma is tele van sz\u00ednekkel, \u00edzekkel \u00e9s illatokkal. Miut\u00e1n friss gy\u00fcm\u00f6lcs\u00f6t vagy gy\u00fcm\u00f6lcslevet v\u00e1s\u00e1rolt\u00e1l, le\u00fclhetsz a piac m\u00f6g\u00f6tti kis t\u00e9ren, \u00e9s egyszer\u0171en csak megfigyelheted a k\u00f6r\u00fcl\u00f6tted zajl\u00f3 \u00e9letet.<\/p>\n<p><img loading=\"lazy\" decoding=\"async\" class=\"alignnone wp-image-4194\" src=\"https:\/\/soleylingo.sk\/wp-content\/uploads\/2025\/12\/pexels-vikki-145486223-10419816-683x1024.jpg\" alt=\"\" width=\"219\" height=\"329\" srcset=\"https:\/\/soleylingo.sk\/wp-content\/uploads\/2025\/12\/pexels-vikki-145486223-10419816-683x1024.jpg 683w, https:\/\/soleylingo.sk\/wp-content\/uploads\/2025\/12\/pexels-vikki-145486223-10419816-200x300.jpg 200w, https:\/\/soleylingo.sk\/wp-content\/uploads\/2025\/12\/pexels-vikki-145486223-10419816-768x1152.jpg 768w, https:\/\/soleylingo.sk\/wp-content\/uploads\/2025\/12\/pexels-vikki-145486223-10419816-1024x1536.jpg 1024w, https:\/\/soleylingo.sk\/wp-content\/uploads\/2025\/12\/pexels-vikki-145486223-10419816-1365x2048.jpg 1365w, https:\/\/soleylingo.sk\/wp-content\/uploads\/2025\/12\/pexels-vikki-145486223-10419816-8x12.jpg 8w, https:\/\/soleylingo.sk\/wp-content\/uploads\/2025\/12\/pexels-vikki-145486223-10419816-600x900.jpg 600w, https:\/\/soleylingo.sk\/wp-content\/uploads\/2025\/12\/pexels-vikki-145486223-10419816-scaled.jpg 1707w\" sizes=\"(max-width: 219px) 100vw, 219px\" \/> \u00a0<img loading=\"lazy\" decoding=\"async\" class=\"alignnone wp-image-4195\" src=\"https:\/\/soleylingo.sk\/wp-content\/uploads\/2025\/12\/pexels-chaitaastic-2031992-1024x576.jpg\" alt=\"\" width=\"584\" height=\"328\" srcset=\"https:\/\/soleylingo.sk\/wp-content\/uploads\/2025\/12\/pexels-chaitaastic-2031992-1024x576.jpg 1024w, https:\/\/soleylingo.sk\/wp-content\/uploads\/2025\/12\/pexels-chaitaastic-2031992-300x169.jpg 300w, https:\/\/soleylingo.sk\/wp-content\/uploads\/2025\/12\/pexels-chaitaastic-2031992-768x432.jpg 768w, https:\/\/soleylingo.sk\/wp-content\/uploads\/2025\/12\/pexels-chaitaastic-2031992-1536x864.jpg 1536w, https:\/\/soleylingo.sk\/wp-content\/uploads\/2025\/12\/pexels-chaitaastic-2031992-2048x1152.jpg 2048w, https:\/\/soleylingo.sk\/wp-content\/uploads\/2025\/12\/pexels-chaitaastic-2031992-18x10.jpg 18w, https:\/\/soleylingo.sk\/wp-content\/uploads\/2025\/12\/pexels-chaitaastic-2031992-600x338.jpg 600w\" sizes=\"(max-width: 584px) 100vw, 584px\" \/><\/p>\n<p><strong>Rejtett terek \u00e9s t\u00f6rt\u00e9netek: Sant Felip Neri, Sant Jaume, Santa Maria del Pi<\/strong><\/p>\n<p>Az egyik kedvenc helyem a Sant Felip Neri kis, csendes tere volt. Sajnos, <strong>egy szomor\u00fa t\u00f6rt\u00e9net<\/strong>. A polg\u00e1rh\u00e1bor\u00fa alatt a templomban mened\u00e9ket keres\u0151 gyerekeket bomb\u00e1k \u00f6lt\u00e9k meg. A robban\u00e1s nyomai m\u00e9g mindig l\u00e1that\u00f3ak a falakon. Ez a hely sz\u00e1mos filmben is szerepelt, p\u00e9ld\u00e1ul a k\u00f6vetkez\u0151 filmekben <strong>Vicky Cristina Barcelona by Woody Allen<\/strong>.<\/p>\n<p>A k\u00f6zelben van m\u00e9g <strong>Barcelonai katedr\u00e1lis<\/strong> - Szent Eul\u00e1lia tisztelet\u00e9re szentelt g\u00f3tikus katedr\u00e1lis, akinek m\u00e1rt\u00edroms\u00e1g\u00e1r\u00f3l m\u00e9g ma is megeml\u00e9keznek egy f\u00f6ldalatti kript\u00e1ban.<\/p>\n<p><img loading=\"lazy\" decoding=\"async\" class=\"alignnone wp-image-4198\" src=\"https:\/\/soleylingo.sk\/wp-content\/uploads\/2025\/12\/spain-barcelona-plaza-de-sant-felip-neri-l.jpg\" alt=\"\" width=\"317\" height=\"211\" srcset=\"https:\/\/soleylingo.sk\/wp-content\/uploads\/2025\/12\/spain-barcelona-plaza-de-sant-felip-neri-l.jpg 800w, https:\/\/soleylingo.sk\/wp-content\/uploads\/2025\/12\/spain-barcelona-plaza-de-sant-felip-neri-l-300x200.jpg 300w, https:\/\/soleylingo.sk\/wp-content\/uploads\/2025\/12\/spain-barcelona-plaza-de-sant-felip-neri-l-768x513.jpg 768w, https:\/\/soleylingo.sk\/wp-content\/uploads\/2025\/12\/spain-barcelona-plaza-de-sant-felip-neri-l-18x12.jpg 18w, https:\/\/soleylingo.sk\/wp-content\/uploads\/2025\/12\/spain-barcelona-plaza-de-sant-felip-neri-l-600x401.jpg 600w\" sizes=\"(max-width: 317px) 100vw, 317px\" \/>\u00a0 <img loading=\"lazy\" decoding=\"async\" class=\"alignnone wp-image-4199\" src=\"https:\/\/soleylingo.sk\/wp-content\/uploads\/2025\/12\/po.jpg\" alt=\"\" width=\"286\" height=\"215\" srcset=\"https:\/\/soleylingo.sk\/wp-content\/uploads\/2025\/12\/po.jpg 1024w, https:\/\/soleylingo.sk\/wp-content\/uploads\/2025\/12\/po-300x225.jpg 300w, https:\/\/soleylingo.sk\/wp-content\/uploads\/2025\/12\/po-768x576.jpg 768w, https:\/\/soleylingo.sk\/wp-content\/uploads\/2025\/12\/po-16x12.jpg 16w, https:\/\/soleylingo.sk\/wp-content\/uploads\/2025\/12\/po-600x450.jpg 600w\" sizes=\"(max-width: 286px) 100vw, 286px\" \/> \u00a0<img loading=\"lazy\" decoding=\"async\" class=\"alignnone wp-image-4200\" src=\"https:\/\/soleylingo.sk\/wp-content\/uploads\/2025\/12\/pexels-svitlana-shakalova-1789851085-34957013-683x1024.jpg\" alt=\"\" width=\"143\" height=\"215\" srcset=\"https:\/\/soleylingo.sk\/wp-content\/uploads\/2025\/12\/pexels-svitlana-shakalova-1789851085-34957013-683x1024.jpg 683w, https:\/\/soleylingo.sk\/wp-content\/uploads\/2025\/12\/pexels-svitlana-shakalova-1789851085-34957013-200x300.jpg 200w, https:\/\/soleylingo.sk\/wp-content\/uploads\/2025\/12\/pexels-svitlana-shakalova-1789851085-34957013-768x1152.jpg 768w, https:\/\/soleylingo.sk\/wp-content\/uploads\/2025\/12\/pexels-svitlana-shakalova-1789851085-34957013-1024x1536.jpg 1024w, https:\/\/soleylingo.sk\/wp-content\/uploads\/2025\/12\/pexels-svitlana-shakalova-1789851085-34957013-1365x2048.jpg 1365w, https:\/\/soleylingo.sk\/wp-content\/uploads\/2025\/12\/pexels-svitlana-shakalova-1789851085-34957013-8x12.jpg 8w, https:\/\/soleylingo.sk\/wp-content\/uploads\/2025\/12\/pexels-svitlana-shakalova-1789851085-34957013-600x900.jpg 600w, https:\/\/soleylingo.sk\/wp-content\/uploads\/2025\/12\/pexels-svitlana-shakalova-1789851085-34957013-scaled.jpg 1707w\" sizes=\"(max-width: 143px) 100vw, 143px\" \/><\/p>\n<p><strong>Arc de Triomf \u00e9s Parc de la Ciutadella<\/strong><\/p>\n<p>A Diadal\u00edv Barcelona egyik legikonikusabb kapuja - az 1888-as vil\u00e1gki\u00e1ll\u00edt\u00e1sra \u00e9p\u00fclt. K\u00f6zvetlen\u00fcl a Ciutadella parkba vezet, amely a v\u00e1ros z\u00f6ld t\u00fcdeje. Itt egy t\u00f3, v\u00edzes\u00e9sek, \u00fcvegh\u00e1zak, r\u00e9gi ki\u00e1ll\u00edt\u00e1si \u00e9p\u00fcletek \u00e9s egy \u00e1llatkert tal\u00e1lhat\u00f3. Ez a piknikek, a zene, a sport \u00e9s a pihen\u00e9s helye - \u00e9n nagyon gyakran j\u00e1rtam itt.<\/p>\n<p><strong>Barceloneta - a tenger \u00e9rint\u00e9se<\/strong><\/p>\n<p>A Barceloneta strand v\u00e1rosias, \u00e9l\u00e9nk, tele van kocog\u00f3kkal, sz\u00f6rf\u00f6s\u00f6kkel, zen\u00e9szekkel \u00e9s turist\u00e1kkal. Ny\u00e1ron zs\u00fafolt, de az ut\u00f3szezonban olyan var\u00e1zsa van, amely meg\u00e9rteti, mi\u00e9rt Barcelona a tengerre n\u00e9z\u0151 v\u00e1ros.<\/p>\n<p><img loading=\"lazy\" decoding=\"async\" class=\"alignnone wp-image-4203\" src=\"https:\/\/soleylingo.sk\/wp-content\/uploads\/2025\/12\/pexels-johnson-hie-753086688-31405660-718x1024.jpg\" alt=\"\" width=\"184\" height=\"263\" srcset=\"https:\/\/soleylingo.sk\/wp-content\/uploads\/2025\/12\/pexels-johnson-hie-753086688-31405660-718x1024.jpg 718w, https:\/\/soleylingo.sk\/wp-content\/uploads\/2025\/12\/pexels-johnson-hie-753086688-31405660-210x300.jpg 210w, https:\/\/soleylingo.sk\/wp-content\/uploads\/2025\/12\/pexels-johnson-hie-753086688-31405660-768x1096.jpg 768w, https:\/\/soleylingo.sk\/wp-content\/uploads\/2025\/12\/pexels-johnson-hie-753086688-31405660-1076x1536.jpg 1076w, https:\/\/soleylingo.sk\/wp-content\/uploads\/2025\/12\/pexels-johnson-hie-753086688-31405660-1435x2048.jpg 1435w, https:\/\/soleylingo.sk\/wp-content\/uploads\/2025\/12\/pexels-johnson-hie-753086688-31405660-8x12.jpg 8w, https:\/\/soleylingo.sk\/wp-content\/uploads\/2025\/12\/pexels-johnson-hie-753086688-31405660-600x856.jpg 600w, https:\/\/soleylingo.sk\/wp-content\/uploads\/2025\/12\/pexels-johnson-hie-753086688-31405660-scaled.jpg 1794w\" sizes=\"(max-width: 184px) 100vw, 184px\" \/> \u00a0<img loading=\"lazy\" decoding=\"async\" class=\"alignnone wp-image-4241\" src=\"https:\/\/soleylingo.sk\/wp-content\/uploads\/2025\/12\/pexels-consuelo-borroni-384723245-17077795-682x1024.jpg\" alt=\"\" width=\"175\" height=\"263\" srcset=\"https:\/\/soleylingo.sk\/wp-content\/uploads\/2025\/12\/pexels-consuelo-borroni-384723245-17077795-682x1024.jpg 682w, https:\/\/soleylingo.sk\/wp-content\/uploads\/2025\/12\/pexels-consuelo-borroni-384723245-17077795-200x300.jpg 200w, https:\/\/soleylingo.sk\/wp-content\/uploads\/2025\/12\/pexels-consuelo-borroni-384723245-17077795-768x1153.jpg 768w, https:\/\/soleylingo.sk\/wp-content\/uploads\/2025\/12\/pexels-consuelo-borroni-384723245-17077795-1023x1536.jpg 1023w, https:\/\/soleylingo.sk\/wp-content\/uploads\/2025\/12\/pexels-consuelo-borroni-384723245-17077795-1364x2048.jpg 1364w, https:\/\/soleylingo.sk\/wp-content\/uploads\/2025\/12\/pexels-consuelo-borroni-384723245-17077795-8x12.jpg 8w, https:\/\/soleylingo.sk\/wp-content\/uploads\/2025\/12\/pexels-consuelo-borroni-384723245-17077795-600x901.jpg 600w, https:\/\/soleylingo.sk\/wp-content\/uploads\/2025\/12\/pexels-consuelo-borroni-384723245-17077795-scaled.jpg 1705w\" sizes=\"(max-width: 175px) 100vw, 175px\" \/>\u00a0 <img loading=\"lazy\" decoding=\"async\" class=\"alignnone wp-image-4242\" src=\"https:\/\/soleylingo.sk\/wp-content\/uploads\/2025\/12\/pexels-george-cristea-122917183-16041820-683x1024.jpg\" alt=\"\" width=\"175\" height=\"263\" srcset=\"https:\/\/soleylingo.sk\/wp-content\/uploads\/2025\/12\/pexels-george-cristea-122917183-16041820-683x1024.jpg 683w, https:\/\/soleylingo.sk\/wp-content\/uploads\/2025\/12\/pexels-george-cristea-122917183-16041820-200x300.jpg 200w, https:\/\/soleylingo.sk\/wp-content\/uploads\/2025\/12\/pexels-george-cristea-122917183-16041820-768x1152.jpg 768w, https:\/\/soleylingo.sk\/wp-content\/uploads\/2025\/12\/pexels-george-cristea-122917183-16041820-1024x1536.jpg 1024w, https:\/\/soleylingo.sk\/wp-content\/uploads\/2025\/12\/pexels-george-cristea-122917183-16041820-1365x2048.jpg 1365w, https:\/\/soleylingo.sk\/wp-content\/uploads\/2025\/12\/pexels-george-cristea-122917183-16041820-8x12.jpg 8w, https:\/\/soleylingo.sk\/wp-content\/uploads\/2025\/12\/pexels-george-cristea-122917183-16041820-600x900.jpg 600w, https:\/\/soleylingo.sk\/wp-content\/uploads\/2025\/12\/pexels-george-cristea-122917183-16041820-scaled.jpg 1707w\" sizes=\"(max-width: 175px) 100vw, 175px\" \/>\u00a0\u00a0<img loading=\"lazy\" decoding=\"async\" class=\"alignnone wp-image-4206\" src=\"https:\/\/soleylingo.sk\/wp-content\/uploads\/2025\/12\/pexels-viniciusvieirafotografia-34998188-683x1024.jpg\" alt=\"\" width=\"175\" height=\"263\" srcset=\"https:\/\/soleylingo.sk\/wp-content\/uploads\/2025\/12\/pexels-viniciusvieirafotografia-34998188-683x1024.jpg 683w, https:\/\/soleylingo.sk\/wp-content\/uploads\/2025\/12\/pexels-viniciusvieirafotografia-34998188-200x300.jpg 200w, https:\/\/soleylingo.sk\/wp-content\/uploads\/2025\/12\/pexels-viniciusvieirafotografia-34998188-768x1152.jpg 768w, https:\/\/soleylingo.sk\/wp-content\/uploads\/2025\/12\/pexels-viniciusvieirafotografia-34998188-1024x1536.jpg 1024w, https:\/\/soleylingo.sk\/wp-content\/uploads\/2025\/12\/pexels-viniciusvieirafotografia-34998188-1365x2048.jpg 1365w, https:\/\/soleylingo.sk\/wp-content\/uploads\/2025\/12\/pexels-viniciusvieirafotografia-34998188-8x12.jpg 8w, https:\/\/soleylingo.sk\/wp-content\/uploads\/2025\/12\/pexels-viniciusvieirafotografia-34998188-600x900.jpg 600w, https:\/\/soleylingo.sk\/wp-content\/uploads\/2025\/12\/pexels-viniciusvieirafotografia-34998188-scaled.jpg 1706w\" sizes=\"(max-width: 175px) 100vw, 175px\" \/><\/p>\n<h4><\/h4>\n<h4><span style=\"color: #333333;\"><b>Gaud\u00ed nyom\u00e1ban<\/b><\/span><\/h4>\n<p><b>Casa Batll\u00f3<\/b><b><\/b><\/p>\n<p>A Casa Batll\u00f3, amely 1904 \u00e9s 1906 k\u00f6z\u00f6tt \u00e9p\u00fclt a v\u00e1ros sz\u00edv\u00e9ben. <strong>a legdr\u00e1maibb m\u0171<\/strong> egy zseni\u00e1lis katal\u00e1n \u00e9p\u00edt\u00e9sz \u00e1ltal. Gaud\u00ed eredeti \u00e9s fant\u00e1ziad\u00fas homlokzatot adott ennek a h\u00e1znak. Az eredeti homlokzatot k\u0151b\u0151l \u00e9s \u00fcvegb\u0151l k\u00e9sz\u00fclt \u00faj kompoz\u00edci\u00f3val v\u00e1ltotta fel. A homlokzat egy vid\u00e1m \u00e9s <strong>organikus elemekkel, sz\u00ednekkel \u00e9s szimbolik\u00e1val teli allegorikus kompoz\u00edci\u00f3<\/strong> - egy csod\u00e1latos v\u00e1rosi sz\u00ednh\u00e1z, amely a legnemesebb \u00e9rz\u00e9seket \u00e9breszti fel mindenkiben, aki r\u00e1n\u00e9z. Az eg\u00e9sz h\u00e1z a f\u00e9ny \u00e9s a sz\u00ednek p\u00e1rbesz\u00e9de. Teljes ter\u00fclete t\u00f6bb mint 5 000 m\u00b2.<\/p>\n<p>A Casa Batll\u00f3 egy remekm\u0171 <strong>a form\u00e1k, sz\u00ednek \u00e9s a f\u00e9ny m\u0171ve.<\/strong> Ebben az \u00e9p\u00fcletben Gaud\u00ed a 30 \u00e9vvel k\u00e9s\u0151bbi racionalizmust \u00e9s a modern szell\u0151z\u00e9si elveket vet\u00edti el\u0151re. Teljesen leny\u0171g\u00f6z\u00f6tt. Valami hihetetlen\u00fcl gy\u00f6ny\u00f6r\u0171.<\/p>\n<p><img loading=\"lazy\" decoding=\"async\" class=\"alignnone wp-image-4210\" src=\"https:\/\/soleylingo.sk\/wp-content\/uploads\/2025\/12\/pexels-axp-photography-500641970-27278808-683x1024.jpg\" alt=\"\" width=\"148\" height=\"222\" srcset=\"https:\/\/soleylingo.sk\/wp-content\/uploads\/2025\/12\/pexels-axp-photography-500641970-27278808-683x1024.jpg 683w, https:\/\/soleylingo.sk\/wp-content\/uploads\/2025\/12\/pexels-axp-photography-500641970-27278808-200x300.jpg 200w, https:\/\/soleylingo.sk\/wp-content\/uploads\/2025\/12\/pexels-axp-photography-500641970-27278808-768x1152.jpg 768w, https:\/\/soleylingo.sk\/wp-content\/uploads\/2025\/12\/pexels-axp-photography-500641970-27278808-1024x1536.jpg 1024w, https:\/\/soleylingo.sk\/wp-content\/uploads\/2025\/12\/pexels-axp-photography-500641970-27278808-1365x2048.jpg 1365w, https:\/\/soleylingo.sk\/wp-content\/uploads\/2025\/12\/pexels-axp-photography-500641970-27278808-8x12.jpg 8w, https:\/\/soleylingo.sk\/wp-content\/uploads\/2025\/12\/pexels-axp-photography-500641970-27278808-600x900.jpg 600w, https:\/\/soleylingo.sk\/wp-content\/uploads\/2025\/12\/pexels-axp-photography-500641970-27278808-scaled.jpg 1707w\" sizes=\"(max-width: 148px) 100vw, 148px\" \/> \u00a0<img loading=\"lazy\" decoding=\"async\" class=\"alignnone wp-image-4211\" src=\"https:\/\/soleylingo.sk\/wp-content\/uploads\/2025\/12\/pexels-axp-photography-500641970-27348426-1024x768.jpg\" alt=\"\" width=\"295\" height=\"221\" srcset=\"https:\/\/soleylingo.sk\/wp-content\/uploads\/2025\/12\/pexels-axp-photography-500641970-27348426-1024x768.jpg 1024w, https:\/\/soleylingo.sk\/wp-content\/uploads\/2025\/12\/pexels-axp-photography-500641970-27348426-300x225.jpg 300w, https:\/\/soleylingo.sk\/wp-content\/uploads\/2025\/12\/pexels-axp-photography-500641970-27348426-768x576.jpg 768w, https:\/\/soleylingo.sk\/wp-content\/uploads\/2025\/12\/pexels-axp-photography-500641970-27348426-1536x1152.jpg 1536w, https:\/\/soleylingo.sk\/wp-content\/uploads\/2025\/12\/pexels-axp-photography-500641970-27348426-2048x1536.jpg 2048w, https:\/\/soleylingo.sk\/wp-content\/uploads\/2025\/12\/pexels-axp-photography-500641970-27348426-16x12.jpg 16w, https:\/\/soleylingo.sk\/wp-content\/uploads\/2025\/12\/pexels-axp-photography-500641970-27348426-600x450.jpg 600w\" sizes=\"(max-width: 295px) 100vw, 295px\" \/> \u00a0<img loading=\"lazy\" decoding=\"async\" class=\"alignnone wp-image-4212\" src=\"https:\/\/soleylingo.sk\/wp-content\/uploads\/2025\/12\/pexels-mikitayo-17686986-683x1024.jpg\" alt=\"\" width=\"149\" height=\"224\" srcset=\"https:\/\/soleylingo.sk\/wp-content\/uploads\/2025\/12\/pexels-mikitayo-17686986-683x1024.jpg 683w, https:\/\/soleylingo.sk\/wp-content\/uploads\/2025\/12\/pexels-mikitayo-17686986-200x300.jpg 200w, https:\/\/soleylingo.sk\/wp-content\/uploads\/2025\/12\/pexels-mikitayo-17686986-768x1152.jpg 768w, https:\/\/soleylingo.sk\/wp-content\/uploads\/2025\/12\/pexels-mikitayo-17686986-1024x1536.jpg 1024w, https:\/\/soleylingo.sk\/wp-content\/uploads\/2025\/12\/pexels-mikitayo-17686986-1365x2048.jpg 1365w, https:\/\/soleylingo.sk\/wp-content\/uploads\/2025\/12\/pexels-mikitayo-17686986-8x12.jpg 8w, https:\/\/soleylingo.sk\/wp-content\/uploads\/2025\/12\/pexels-mikitayo-17686986-600x900.jpg 600w, https:\/\/soleylingo.sk\/wp-content\/uploads\/2025\/12\/pexels-mikitayo-17686986-scaled.jpg 1707w\" sizes=\"(max-width: 149px) 100vw, 149px\" \/> \u00a0<img loading=\"lazy\" decoding=\"async\" class=\"alignnone wp-image-4214\" src=\"https:\/\/soleylingo.sk\/wp-content\/uploads\/2025\/12\/img_3091-768x1024.jpg\" alt=\"\" width=\"168\" height=\"224\" srcset=\"https:\/\/soleylingo.sk\/wp-content\/uploads\/2025\/12\/img_3091-768x1024.jpg 768w, https:\/\/soleylingo.sk\/wp-content\/uploads\/2025\/12\/img_3091-225x300.jpg 225w, https:\/\/soleylingo.sk\/wp-content\/uploads\/2025\/12\/img_3091-1152x1536.jpg 1152w, https:\/\/soleylingo.sk\/wp-content\/uploads\/2025\/12\/img_3091-1536x2048.jpg 1536w, https:\/\/soleylingo.sk\/wp-content\/uploads\/2025\/12\/img_3091-9x12.jpg 9w, https:\/\/soleylingo.sk\/wp-content\/uploads\/2025\/12\/img_3091-600x800.jpg 600w, https:\/\/soleylingo.sk\/wp-content\/uploads\/2025\/12\/img_3091-scaled.jpg 1920w\" sizes=\"(max-width: 168px) 100vw, 168px\" \/><\/p>\n<p><b>Casa Mil\u00e0<\/b><b><\/b><\/p>\n<p>Casa Mil\u00e0, m\u00e1s n\u00e9ven <strong>\"La Pedrera\"<\/strong> (k\u0151b\u00e1nya) a katal\u00e1n modernizmus egyik legh\u00edresebb \u00e9p\u00fclete, \u00e9s Gaud\u00ed egyik legambici\u00f3zusabb alkot\u00e1sa. Ez az \u00e9p\u00fclet \u00f6nmag\u00e1ban is m\u0171alkot\u00e1s. Az \u00e9p\u00fclet 1906 \u00e9s 1912 k\u00f6z\u00f6tt \u00e9p\u00fclt. <strong>Egyedis\u00e9ge, m\u0171v\u00e9szi \u00e9s t\u00f6rt\u00e9nelmi \u00e9rt\u00e9ke miatt nagy elismer\u00e9sben r\u00e9szes\u00fclt.<\/strong> 1984-ben pedig kiemelked\u0151 egyetemes \u00e9rt\u00e9ke miatt felker\u00fclt az UNESCO vil\u00e1g\u00f6r\u00f6ks\u00e9gi list\u00e1j\u00e1ra.<\/p>\n<p>Ma a Catalunya-La Pedrera Alap\u00edtv\u00e1ny sz\u00e9khelye, \u00e9s egy olyan kultur\u00e1lis k\u00f6zpontnak ad otthont, amely sz\u00e1mos rendezv\u00e9ny\u00e9nek, ki\u00e1ll\u00edt\u00e1s\u00e1nak \u00e9s nyilv\u00e1nos tev\u00e9kenys\u00e9g\u00e9nek k\u00f6sz\u00f6nhet\u0151en Barcelona egyik legfontosabb kultur\u00e1lis k\u00f6zpontja.<\/p>\n<p><img loading=\"lazy\" decoding=\"async\" class=\"alignnone wp-image-4216\" src=\"https:\/\/soleylingo.sk\/wp-content\/uploads\/2025\/12\/pexels-blazearth-34986656-1024x683.jpg\" alt=\"\" width=\"331\" height=\"221\" srcset=\"https:\/\/soleylingo.sk\/wp-content\/uploads\/2025\/12\/pexels-blazearth-34986656-1024x683.jpg 1024w, https:\/\/soleylingo.sk\/wp-content\/uploads\/2025\/12\/pexels-blazearth-34986656-300x200.jpg 300w, https:\/\/soleylingo.sk\/wp-content\/uploads\/2025\/12\/pexels-blazearth-34986656-768x512.jpg 768w, https:\/\/soleylingo.sk\/wp-content\/uploads\/2025\/12\/pexels-blazearth-34986656-1536x1024.jpg 1536w, https:\/\/soleylingo.sk\/wp-content\/uploads\/2025\/12\/pexels-blazearth-34986656-2048x1365.jpg 2048w, https:\/\/soleylingo.sk\/wp-content\/uploads\/2025\/12\/pexels-blazearth-34986656-18x12.jpg 18w, https:\/\/soleylingo.sk\/wp-content\/uploads\/2025\/12\/pexels-blazearth-34986656-600x400.jpg 600w\" sizes=\"(max-width: 331px) 100vw, 331px\" \/>\u00a0 <img loading=\"lazy\" decoding=\"async\" class=\"alignnone wp-image-4217\" src=\"https:\/\/soleylingo.sk\/wp-content\/uploads\/2025\/12\/pexels-cristianloayza-34960363-683x1024.jpg\" alt=\"\" width=\"147\" height=\"221\" srcset=\"https:\/\/soleylingo.sk\/wp-content\/uploads\/2025\/12\/pexels-cristianloayza-34960363-683x1024.jpg 683w, https:\/\/soleylingo.sk\/wp-content\/uploads\/2025\/12\/pexels-cristianloayza-34960363-200x300.jpg 200w, https:\/\/soleylingo.sk\/wp-content\/uploads\/2025\/12\/pexels-cristianloayza-34960363-768x1152.jpg 768w, https:\/\/soleylingo.sk\/wp-content\/uploads\/2025\/12\/pexels-cristianloayza-34960363-1024x1536.jpg 1024w, https:\/\/soleylingo.sk\/wp-content\/uploads\/2025\/12\/pexels-cristianloayza-34960363-1365x2048.jpg 1365w, https:\/\/soleylingo.sk\/wp-content\/uploads\/2025\/12\/pexels-cristianloayza-34960363-8x12.jpg 8w, https:\/\/soleylingo.sk\/wp-content\/uploads\/2025\/12\/pexels-cristianloayza-34960363-600x900.jpg 600w, https:\/\/soleylingo.sk\/wp-content\/uploads\/2025\/12\/pexels-cristianloayza-34960363-scaled.jpg 1706w\" sizes=\"(max-width: 147px) 100vw, 147px\" \/> \u00a0<img loading=\"lazy\" decoding=\"async\" class=\"alignnone wp-image-4218\" src=\"https:\/\/soleylingo.sk\/wp-content\/uploads\/2025\/12\/pexels-tom-d-arby-3904203-6516369-1024x668.jpg\" alt=\"\" width=\"337\" height=\"220\" srcset=\"https:\/\/soleylingo.sk\/wp-content\/uploads\/2025\/12\/pexels-tom-d-arby-3904203-6516369-1024x668.jpg 1024w, https:\/\/soleylingo.sk\/wp-content\/uploads\/2025\/12\/pexels-tom-d-arby-3904203-6516369-300x196.jpg 300w, https:\/\/soleylingo.sk\/wp-content\/uploads\/2025\/12\/pexels-tom-d-arby-3904203-6516369-768x501.jpg 768w, https:\/\/soleylingo.sk\/wp-content\/uploads\/2025\/12\/pexels-tom-d-arby-3904203-6516369-1536x1002.jpg 1536w, https:\/\/soleylingo.sk\/wp-content\/uploads\/2025\/12\/pexels-tom-d-arby-3904203-6516369-2048x1336.jpg 2048w, https:\/\/soleylingo.sk\/wp-content\/uploads\/2025\/12\/pexels-tom-d-arby-3904203-6516369-18x12.jpg 18w, https:\/\/soleylingo.sk\/wp-content\/uploads\/2025\/12\/pexels-tom-d-arby-3904203-6516369-600x391.jpg 600w\" sizes=\"(max-width: 337px) 100vw, 337px\" \/><\/p>\n<p><b>Sagrada Fam\u00edlia<\/b><b><\/b><\/p>\n<p>A Sagrada Fam\u00edlia egy impoz\u00e1ns r\u00f3mai katolikus templom, amelynek \u00e9p\u00edt\u00e9se 1882-ben kezd\u0151d\u00f6tt, \u00e9s az\u00f3ta is folyamatosan \u00e9p\u00fcl. B\u00e1r m\u00e9g nem k\u00e9sz\u00fclt el, az UNESCO vil\u00e1g\u00f6r\u00f6ks\u00e9g r\u00e9sze. 2010 november\u00e9ben XVI. Benedek p\u00e1pa felszentelte \u00e9s bazilika rangj\u00e1ra emelte. A templom tervez\u00e9s\u00e9nek kiindul\u00f3pontja a g\u00f3tikus \u00e9p\u00edt\u00e9szet volt, amelyet Gaud\u00ed teljesen \u00e1tdolgozott \u00e9s tov\u00e1bbfejlesztett. <strong>egy \u00faj, eredeti \u00e9p\u00edt\u00e9szeti nyelvezet, amely ezt a templomot olyan k\u00fcl\u00f6nlegess\u00e9 teszi.<\/strong><\/p>\n<p>A projekt n\u00e9gy, egyenk\u00e9nt mintegy 40 m\u00e9ter magas kupol\u00e1t ir\u00e1nyoz el\u0151: az \u00e9szaki oldalon k\u00e9t sekresty\u00e9t, a d\u00e9li oldalon pedig a keresztel\u0151k\u00e1poln\u00e1t \u00e9s a Boldogs\u00e1gos Szents\u00e9g \u00e9s vezekl\u00e9s k\u00e1poln\u00e1j\u00e1t. Gaud\u00ed 18 tornyot tervezett: 12 alacsonyabb (100 m\u00e9teres) tornyot, amelyek az apostolokat \u00e1br\u00e1zolj\u00e1k, \u00e9s hat magasabbat a k\u00f6zpontban, amelyek a szimbolikus hierarchi\u00e1juknak megfelel\u0151en piramis alakban helyezkednek el. A k\u00f6zponti kereszt\u00fat feletti legmagasabb torony - amelyet J\u00e9zus Krisztusnak szenteltek - 172,5 m\u00e9ter magas lesz. Ezt n\u00e9gy v\u00e9konyabb torony (135 m) fogja szeg\u00e9lyezni, amelyek az evang\u00e9list\u00e1kat \u00e9s evang\u00e9liumaikat szimboliz\u00e1lj\u00e1k. Az apszis f\u00f6l\u00f6tt egy m\u00e1sik torony Sz\u0171z M\u00e1ri\u00e1nak lesz szentelve.<\/p>\n<p>Gaud\u00ed <strong>olyan \u00e9p\u00fcletet akartak l\u00e9trehozni, amely uralja a v\u00e1ros l\u00e1tk\u00e9p\u00e9t, ugyanakkor tiszteletben tartja Isten munk\u00e1j\u00e1t.<\/strong>amelyet szerinte az ember soha nem l\u00e9phet t\u00fal. Ez\u00e9rt van az, hogy a Sagrada Fam\u00edlia csak n\u00e9h\u00e1ny m\u00e9terrel alacsonyabb, mint a Montju\u00efc, Barcelona legmagasabb pontja.<\/p>\n<p>Gaud\u00ed <strong>A f\u00e9nyt a kifejez\u00e9s \u00e9s a nagys\u00e1g k\u00f6zvet\u00edt\u00e9s\u00e9re haszn\u00e1lta.<\/strong> A nap sugarai visszat\u00fckr\u00f6z\u0151dnek a tornyok tetej\u00e9n \u00e9s az ablakokon. A felkel\u0151 nap megvil\u00e1g\u00edtja a Sz\u00fclet\u00e9s homlokzat\u00e1nak port\u00e1ljait, kiemelve az \u00e9let \u00f6r\u00f6m\u00e9t, amelyet Krisztus sz\u00fclet\u00e9se k\u00e9pvisel.<\/p>\n<p>Gaud\u00ed sz\u00e1m\u00e1ra a sz\u00edn az \u00e9let megnyilv\u00e1nul\u00e1sa volt - ez\u00e9rt is van olyan kiemelt helye a templomban: a Sz\u00fclet\u00e9s homlokzat\u00e1n, a toronyv\u00e9geken, a tet\u0151k\u00f6n, a p\u00fcsp\u00f6ki d\u00edsz\u00edt\u00e9s szimb\u00f3lumaiban, a gy\u00fcm\u00f6lcs\u00f6kben, a f\u00fclekben \u00e9s a sz\u0151l\u0151ben, amelyek az Euchariszti\u00e1ra utalnak. <strong>\u00d6t gener\u00e1ci\u00f3 m\u00e1r tan\u00faja volt e templom n\u00f6veked\u00e9s\u00e9nek. V\u00e1rhat\u00f3an 2026-ban fejez\u0151dik be.<\/strong><\/p>\n<p class=\"p1\"><span class=\"s1\">A Sagrada Fam\u00edlia a legleny\u0171g\u00f6z\u0151bb templom, ahol valaha is j\u00e1rtam, sz\u00f3 szerint el\u00e1llt a l\u00e9legzetem. Sz\u00e9ps\u00e9ge \u00e9s hangulata olyan er\u0151teljes, hogy teljesen sz\u00f3tlanul \u00e1lltam ott. Kultur\u00e1lis \u00e9letem egyik legintenz\u00edvebb \u00e9s legszebb \u00e9lm\u00e9nye volt.<\/span><\/p>\n<p><img loading=\"lazy\" decoding=\"async\" class=\"alignnone wp-image-4220\" src=\"https:\/\/soleylingo.sk\/wp-content\/uploads\/2025\/12\/pexels-tkirkgoz-16983922-768x1024.jpg\" alt=\"\" width=\"197\" height=\"262\" srcset=\"https:\/\/soleylingo.sk\/wp-content\/uploads\/2025\/12\/pexels-tkirkgoz-16983922-768x1024.jpg 768w, https:\/\/soleylingo.sk\/wp-content\/uploads\/2025\/12\/pexels-tkirkgoz-16983922-225x300.jpg 225w, https:\/\/soleylingo.sk\/wp-content\/uploads\/2025\/12\/pexels-tkirkgoz-16983922-1152x1536.jpg 1152w, https:\/\/soleylingo.sk\/wp-content\/uploads\/2025\/12\/pexels-tkirkgoz-16983922-1536x2048.jpg 1536w, https:\/\/soleylingo.sk\/wp-content\/uploads\/2025\/12\/pexels-tkirkgoz-16983922-9x12.jpg 9w, https:\/\/soleylingo.sk\/wp-content\/uploads\/2025\/12\/pexels-tkirkgoz-16983922-600x800.jpg 600w, https:\/\/soleylingo.sk\/wp-content\/uploads\/2025\/12\/pexels-tkirkgoz-16983922-scaled.jpg 1919w\" sizes=\"(max-width: 197px) 100vw, 197px\" \/> \u00a0<img loading=\"lazy\" decoding=\"async\" class=\"alignnone wp-image-4221\" src=\"https:\/\/soleylingo.sk\/wp-content\/uploads\/2025\/12\/pexels-berk-ozdemir-1761205-3779162-1024x724.jpg\" alt=\"\" width=\"373\" height=\"264\" srcset=\"https:\/\/soleylingo.sk\/wp-content\/uploads\/2025\/12\/pexels-berk-ozdemir-1761205-3779162-1024x724.jpg 1024w, https:\/\/soleylingo.sk\/wp-content\/uploads\/2025\/12\/pexels-berk-ozdemir-1761205-3779162-300x212.jpg 300w, https:\/\/soleylingo.sk\/wp-content\/uploads\/2025\/12\/pexels-berk-ozdemir-1761205-3779162-768x543.jpg 768w, https:\/\/soleylingo.sk\/wp-content\/uploads\/2025\/12\/pexels-berk-ozdemir-1761205-3779162-1536x1086.jpg 1536w, https:\/\/soleylingo.sk\/wp-content\/uploads\/2025\/12\/pexels-berk-ozdemir-1761205-3779162-2048x1448.jpg 2048w, https:\/\/soleylingo.sk\/wp-content\/uploads\/2025\/12\/pexels-berk-ozdemir-1761205-3779162-18x12.jpg 18w, https:\/\/soleylingo.sk\/wp-content\/uploads\/2025\/12\/pexels-berk-ozdemir-1761205-3779162-600x424.jpg 600w\" sizes=\"(max-width: 373px) 100vw, 373px\" \/>\u00a0 <img loading=\"lazy\" decoding=\"async\" class=\"alignnone wp-image-4222\" src=\"https:\/\/soleylingo.sk\/wp-content\/uploads\/2025\/12\/gopr8002-768x1024.jpg\" alt=\"\" width=\"197\" height=\"263\" srcset=\"https:\/\/soleylingo.sk\/wp-content\/uploads\/2025\/12\/gopr8002-768x1024.jpg 768w, https:\/\/soleylingo.sk\/wp-content\/uploads\/2025\/12\/gopr8002-225x300.jpg 225w, https:\/\/soleylingo.sk\/wp-content\/uploads\/2025\/12\/gopr8002-1152x1536.jpg 1152w, https:\/\/soleylingo.sk\/wp-content\/uploads\/2025\/12\/gopr8002-1536x2048.jpg 1536w, https:\/\/soleylingo.sk\/wp-content\/uploads\/2025\/12\/gopr8002-9x12.jpg 9w, https:\/\/soleylingo.sk\/wp-content\/uploads\/2025\/12\/gopr8002-600x800.jpg 600w, https:\/\/soleylingo.sk\/wp-content\/uploads\/2025\/12\/gopr8002-scaled.jpg 1920w\" sizes=\"(max-width: 197px) 100vw, 197px\" \/><\/p>\n<p><img loading=\"lazy\" decoding=\"async\" class=\"alignnone wp-image-4223\" src=\"https:\/\/soleylingo.sk\/wp-content\/uploads\/2025\/12\/pexels-smotri-11920332-1024x683.jpg\" alt=\"\" width=\"783\" height=\"522\" srcset=\"https:\/\/soleylingo.sk\/wp-content\/uploads\/2025\/12\/pexels-smotri-11920332-1024x683.jpg 1024w, https:\/\/soleylingo.sk\/wp-content\/uploads\/2025\/12\/pexels-smotri-11920332-300x200.jpg 300w, https:\/\/soleylingo.sk\/wp-content\/uploads\/2025\/12\/pexels-smotri-11920332-768x512.jpg 768w, https:\/\/soleylingo.sk\/wp-content\/uploads\/2025\/12\/pexels-smotri-11920332-1536x1024.jpg 1536w, https:\/\/soleylingo.sk\/wp-content\/uploads\/2025\/12\/pexels-smotri-11920332-2048x1365.jpg 2048w, https:\/\/soleylingo.sk\/wp-content\/uploads\/2025\/12\/pexels-smotri-11920332-18x12.jpg 18w, https:\/\/soleylingo.sk\/wp-content\/uploads\/2025\/12\/pexels-smotri-11920332-600x400.jpg 600w\" sizes=\"(max-width: 783px) 100vw, 783px\" \/><\/p>\n<p><b>Casa Vicens<\/b><\/p>\n<p><b><\/b>A Casa Vicens (1888), a csendes Gracia negyedben tal\u00e1lhat\u00f3, keleti \u00e9s m\u00f3r st\u00edlusjegyekkel d\u00edsz\u00edtett csendes o\u00e1zis. Az \u00e9p\u00fcletet leny\u0171g\u00f6z\u0151 <strong>z\u00f6ld \u00e9s feh\u00e9r csempe, \u00e9s volt Gaud\u00ed els\u0151 nagy megb\u00edz\u00e1sa<\/strong>ahol k\u00f6vette a kor divatj\u00e1t <strong>keleti \u00e9s keleti mot\u00edvumok<\/strong> mik\u00f6zben kialak\u00edtotta saj\u00e1t st\u00edlus\u00e1t.<\/p>\n<p>Nem v\u00e9letlen, hogy Manuel Vicens Montaner, aki az \u00e9p\u00fclet megrendel\u0151je volt, csempek\u00e9sz\u00edt\u0151 volt. Gaud\u00ed ezeket kombin\u00e1lta nyers k\u0151vel \u00e9s v\u00f6r\u00f6s t\u00e9gl\u00e1val. Gaud\u00ed a domborm\u0171ves csemp\u00e9ket a telken term\u0151 francia axamietta (Tagetes patula) ut\u00e1n tervezte. Ez a <strong>a term\u00e9szetet kezdte el inspir\u00e1ci\u00f3k\u00e9nt haszn\u00e1lni<\/strong>. A h\u00e1zban a d\u00edsz\u00edt\u0151elemek mellett a mud\u00e9jar st\u00edlus elemei, valamint India \u00e9s Jap\u00e1n \u00e1ltal inspir\u00e1lt form\u00e1k is megtal\u00e1lhat\u00f3k.<\/p>\n<p><img loading=\"lazy\" decoding=\"async\" class=\"alignnone wp-image-4225\" src=\"https:\/\/soleylingo.sk\/wp-content\/uploads\/2025\/12\/pexels-axp-photography-500641970-27397505-768x1024.jpg\" alt=\"\" width=\"201\" height=\"268\" srcset=\"https:\/\/soleylingo.sk\/wp-content\/uploads\/2025\/12\/pexels-axp-photography-500641970-27397505-768x1024.jpg 768w, https:\/\/soleylingo.sk\/wp-content\/uploads\/2025\/12\/pexels-axp-photography-500641970-27397505-225x300.jpg 225w, https:\/\/soleylingo.sk\/wp-content\/uploads\/2025\/12\/pexels-axp-photography-500641970-27397505-1152x1536.jpg 1152w, https:\/\/soleylingo.sk\/wp-content\/uploads\/2025\/12\/pexels-axp-photography-500641970-27397505-1536x2048.jpg 1536w, https:\/\/soleylingo.sk\/wp-content\/uploads\/2025\/12\/pexels-axp-photography-500641970-27397505-9x12.jpg 9w, https:\/\/soleylingo.sk\/wp-content\/uploads\/2025\/12\/pexels-axp-photography-500641970-27397505-600x800.jpg 600w, https:\/\/soleylingo.sk\/wp-content\/uploads\/2025\/12\/pexels-axp-photography-500641970-27397505-scaled.jpg 1920w\" sizes=\"(max-width: 201px) 100vw, 201px\" \/>\u00a0 <img loading=\"lazy\" decoding=\"async\" class=\"alignnone wp-image-4226\" src=\"https:\/\/soleylingo.sk\/wp-content\/uploads\/2025\/12\/pexels-axp-photography-500641970-16593996-720x1024.jpg\" alt=\"\" width=\"189\" height=\"269\" srcset=\"https:\/\/soleylingo.sk\/wp-content\/uploads\/2025\/12\/pexels-axp-photography-500641970-16593996-720x1024.jpg 720w, https:\/\/soleylingo.sk\/wp-content\/uploads\/2025\/12\/pexels-axp-photography-500641970-16593996-211x300.jpg 211w, https:\/\/soleylingo.sk\/wp-content\/uploads\/2025\/12\/pexels-axp-photography-500641970-16593996-768x1092.jpg 768w, https:\/\/soleylingo.sk\/wp-content\/uploads\/2025\/12\/pexels-axp-photography-500641970-16593996-1080x1536.jpg 1080w, https:\/\/soleylingo.sk\/wp-content\/uploads\/2025\/12\/pexels-axp-photography-500641970-16593996-1441x2048.jpg 1441w, https:\/\/soleylingo.sk\/wp-content\/uploads\/2025\/12\/pexels-axp-photography-500641970-16593996-8x12.jpg 8w, https:\/\/soleylingo.sk\/wp-content\/uploads\/2025\/12\/pexels-axp-photography-500641970-16593996-600x853.jpg 600w, https:\/\/soleylingo.sk\/wp-content\/uploads\/2025\/12\/pexels-axp-photography-500641970-16593996-scaled.jpg 1801w\" sizes=\"(max-width: 189px) 100vw, 189px\" \/>\u00a0 <img loading=\"lazy\" decoding=\"async\" class=\"alignnone wp-image-4227\" src=\"https:\/\/soleylingo.sk\/wp-content\/uploads\/2025\/12\/pexels-axp-photography-500641970-27397528-683x1024.jpg\" alt=\"\" width=\"178\" height=\"267\" srcset=\"https:\/\/soleylingo.sk\/wp-content\/uploads\/2025\/12\/pexels-axp-photography-500641970-27397528-683x1024.jpg 683w, https:\/\/soleylingo.sk\/wp-content\/uploads\/2025\/12\/pexels-axp-photography-500641970-27397528-200x300.jpg 200w, https:\/\/soleylingo.sk\/wp-content\/uploads\/2025\/12\/pexels-axp-photography-500641970-27397528-768x1152.jpg 768w, https:\/\/soleylingo.sk\/wp-content\/uploads\/2025\/12\/pexels-axp-photography-500641970-27397528-1024x1536.jpg 1024w, https:\/\/soleylingo.sk\/wp-content\/uploads\/2025\/12\/pexels-axp-photography-500641970-27397528-1365x2048.jpg 1365w, https:\/\/soleylingo.sk\/wp-content\/uploads\/2025\/12\/pexels-axp-photography-500641970-27397528-8x12.jpg 8w, https:\/\/soleylingo.sk\/wp-content\/uploads\/2025\/12\/pexels-axp-photography-500641970-27397528-600x900.jpg 600w, https:\/\/soleylingo.sk\/wp-content\/uploads\/2025\/12\/pexels-axp-photography-500641970-27397528-scaled.jpg 1707w\" sizes=\"(max-width: 178px) 100vw, 178px\" \/>\u00a0 <img loading=\"lazy\" decoding=\"async\" class=\"alignnone wp-image-4228\" src=\"https:\/\/soleylingo.sk\/wp-content\/uploads\/2025\/12\/pexels-axp-photography-500641970-27397546-683x1024.jpg\" alt=\"\" width=\"177\" height=\"265\" srcset=\"https:\/\/soleylingo.sk\/wp-content\/uploads\/2025\/12\/pexels-axp-photography-500641970-27397546-683x1024.jpg 683w, https:\/\/soleylingo.sk\/wp-content\/uploads\/2025\/12\/pexels-axp-photography-500641970-27397546-200x300.jpg 200w, https:\/\/soleylingo.sk\/wp-content\/uploads\/2025\/12\/pexels-axp-photography-500641970-27397546-768x1152.jpg 768w, https:\/\/soleylingo.sk\/wp-content\/uploads\/2025\/12\/pexels-axp-photography-500641970-27397546-1024x1536.jpg 1024w, https:\/\/soleylingo.sk\/wp-content\/uploads\/2025\/12\/pexels-axp-photography-500641970-27397546-1365x2048.jpg 1365w, https:\/\/soleylingo.sk\/wp-content\/uploads\/2025\/12\/pexels-axp-photography-500641970-27397546-8x12.jpg 8w, https:\/\/soleylingo.sk\/wp-content\/uploads\/2025\/12\/pexels-axp-photography-500641970-27397546-600x900.jpg 600w, https:\/\/soleylingo.sk\/wp-content\/uploads\/2025\/12\/pexels-axp-photography-500641970-27397546-scaled.jpg 1707w\" sizes=\"(max-width: 177px) 100vw, 177px\" \/><\/p>\n<p><b>G\u00fcell park<\/b><b><\/b><\/p>\n<p>A Park G\u00fcell a vil\u00e1g egyik legimpoz\u00e1nsabb parkja. Gaud\u00ed tervezte \u00e9s ir\u00e1ny\u00edtotta 1900 \u00e9s 1914 k\u00f6z\u00f6tt Eusebi G\u00fcell sz\u00e1m\u00e1ra. B\u00e1r soha nem k\u00e9sz\u00fclt el teljesen, m\u00e9gis az egyik legjelent\u0151sebb alkot\u00e1sa maradt. <strong>a legj\u00e1t\u00e9kosabb \u00e9s legsz\u00ednesebb alkot\u00e1sok<\/strong>.<\/p>\n<p>A k\u00e9pzelet j\u00e1tsz\u00f3tere: vizu\u00e1lis cs\u00ednytev\u00e9sek, p\u00e1lmaf\u00e1kra eml\u00e9keztet\u0151 oszlopok, egyenesen a f\u00f6ldb\u0151l kin\u00f6v\u0151 bolt\u00edvek, ker\u00e1miacsemp\u00e9kb\u0151l k\u00e9sz\u00fclt mozaikok. Gy\u00f6ny\u00f6r\u0171 park, eg\u00e9sz Barcelona tal\u00e1n legikonikusabb kil\u00e1t\u00e1s\u00e1val, k\u00fcl\u00f6n\u00f6sen naplementekor. A domb tetej\u00e9n \u00e1ll a park legmagasabb pontja egy nagy k\u0151kereszttel.<\/p>\n<p><img loading=\"lazy\" decoding=\"async\" class=\"alignnone wp-image-4230\" src=\"https:\/\/soleylingo.sk\/wp-content\/uploads\/2025\/12\/img_0119-1024x705.jpg\" alt=\"\" width=\"404\" height=\"278\" srcset=\"https:\/\/soleylingo.sk\/wp-content\/uploads\/2025\/12\/img_0119-1024x705.jpg 1024w, https:\/\/soleylingo.sk\/wp-content\/uploads\/2025\/12\/img_0119-300x206.jpg 300w, https:\/\/soleylingo.sk\/wp-content\/uploads\/2025\/12\/img_0119-768x528.jpg 768w, https:\/\/soleylingo.sk\/wp-content\/uploads\/2025\/12\/img_0119-1536x1057.jpg 1536w, https:\/\/soleylingo.sk\/wp-content\/uploads\/2025\/12\/img_0119-2048x1409.jpg 2048w, https:\/\/soleylingo.sk\/wp-content\/uploads\/2025\/12\/img_0119-18x12.jpg 18w, https:\/\/soleylingo.sk\/wp-content\/uploads\/2025\/12\/img_0119-600x413.jpg 600w\" sizes=\"(max-width: 404px) 100vw, 404px\" \/>\u00a0 <img loading=\"lazy\" decoding=\"async\" class=\"alignnone wp-image-4231\" src=\"https:\/\/soleylingo.sk\/wp-content\/uploads\/2025\/12\/pexels-eugeniofr-17070681-683x1024.jpg\" alt=\"\" width=\"186\" height=\"278\" srcset=\"https:\/\/soleylingo.sk\/wp-content\/uploads\/2025\/12\/pexels-eugeniofr-17070681-683x1024.jpg 683w, https:\/\/soleylingo.sk\/wp-content\/uploads\/2025\/12\/pexels-eugeniofr-17070681-200x300.jpg 200w, https:\/\/soleylingo.sk\/wp-content\/uploads\/2025\/12\/pexels-eugeniofr-17070681-768x1152.jpg 768w, https:\/\/soleylingo.sk\/wp-content\/uploads\/2025\/12\/pexels-eugeniofr-17070681-1024x1536.jpg 1024w, https:\/\/soleylingo.sk\/wp-content\/uploads\/2025\/12\/pexels-eugeniofr-17070681-1365x2048.jpg 1365w, https:\/\/soleylingo.sk\/wp-content\/uploads\/2025\/12\/pexels-eugeniofr-17070681-8x12.jpg 8w, https:\/\/soleylingo.sk\/wp-content\/uploads\/2025\/12\/pexels-eugeniofr-17070681-600x900.jpg 600w, https:\/\/soleylingo.sk\/wp-content\/uploads\/2025\/12\/pexels-eugeniofr-17070681-scaled.jpg 1707w\" sizes=\"(max-width: 186px) 100vw, 186px\" \/>\u00a0 <img loading=\"lazy\" decoding=\"async\" class=\"alignnone wp-image-4232\" src=\"https:\/\/soleylingo.sk\/wp-content\/uploads\/2025\/12\/pexels-axp-photography-500641970-27348484-683x1024.jpg\" alt=\"\" width=\"185\" height=\"278\" srcset=\"https:\/\/soleylingo.sk\/wp-content\/uploads\/2025\/12\/pexels-axp-photography-500641970-27348484-683x1024.jpg 683w, https:\/\/soleylingo.sk\/wp-content\/uploads\/2025\/12\/pexels-axp-photography-500641970-27348484-200x300.jpg 200w, https:\/\/soleylingo.sk\/wp-content\/uploads\/2025\/12\/pexels-axp-photography-500641970-27348484-768x1152.jpg 768w, https:\/\/soleylingo.sk\/wp-content\/uploads\/2025\/12\/pexels-axp-photography-500641970-27348484-1024x1536.jpg 1024w, https:\/\/soleylingo.sk\/wp-content\/uploads\/2025\/12\/pexels-axp-photography-500641970-27348484-1365x2048.jpg 1365w, https:\/\/soleylingo.sk\/wp-content\/uploads\/2025\/12\/pexels-axp-photography-500641970-27348484-8x12.jpg 8w, https:\/\/soleylingo.sk\/wp-content\/uploads\/2025\/12\/pexels-axp-photography-500641970-27348484-600x900.jpg 600w, https:\/\/soleylingo.sk\/wp-content\/uploads\/2025\/12\/pexels-axp-photography-500641970-27348484-scaled.jpg 1707w\" sizes=\"(max-width: 185px) 100vw, 185px\" \/><\/p>\n<p><img loading=\"lazy\" decoding=\"async\" class=\"alignnone wp-image-4233\" src=\"https:\/\/soleylingo.sk\/wp-content\/uploads\/2025\/12\/pexels-tkirkgoz-13426112-1024x764.jpg\" alt=\"\" width=\"793\" height=\"591\" srcset=\"https:\/\/soleylingo.sk\/wp-content\/uploads\/2025\/12\/pexels-tkirkgoz-13426112-1024x764.jpg 1024w, https:\/\/soleylingo.sk\/wp-content\/uploads\/2025\/12\/pexels-tkirkgoz-13426112-300x224.jpg 300w, https:\/\/soleylingo.sk\/wp-content\/uploads\/2025\/12\/pexels-tkirkgoz-13426112-768x573.jpg 768w, https:\/\/soleylingo.sk\/wp-content\/uploads\/2025\/12\/pexels-tkirkgoz-13426112-1536x1146.jpg 1536w, https:\/\/soleylingo.sk\/wp-content\/uploads\/2025\/12\/pexels-tkirkgoz-13426112-2048x1528.jpg 2048w, https:\/\/soleylingo.sk\/wp-content\/uploads\/2025\/12\/pexels-tkirkgoz-13426112-16x12.jpg 16w, https:\/\/soleylingo.sk\/wp-content\/uploads\/2025\/12\/pexels-tkirkgoz-13426112-600x448.jpg 600w\" sizes=\"(max-width: 793px) 100vw, 793px\" \/><\/p>\n<p><b>Montju\u00efc, Var\u00e1zsk\u00fat \u00e9s olimpiai t\u00f6rt\u00e9nelem<\/b><\/p>\n<p>A Montju\u00efc egy m\u00fazeumokkal, gal\u00e9ri\u00e1kkal, kertekkel \u00e9s t\u00f6rt\u00e9nelemmel teli domb. Itt tal\u00e1lhat\u00f3 a Nemzeti Palota - amely ma a katal\u00e1n m\u0171v\u00e9szet m\u00fazeuma -, a h\u00edres Var\u00e1zsk\u00fat, amely j\u00e1tszik, vil\u00e1g\u00edt \u00e9s \"t\u00e1ncol\", az 1992-es olimpia sportl\u00e9tes\u00edtm\u00e9nyei \u00e9s a Montju\u00efc-kast\u00e9ly, amely s\u00f6t\u00e9t szerepet j\u00e1tszott Katal\u00f3nia t\u00f6rt\u00e9nelm\u00e9ben. A kil\u00e1t\u00e1s leny\u0171g\u00f6z\u0151 - mind a v\u00e1rosra, mind az ipari kik\u00f6t\u0151re.<\/p>\n<p><strong>Sant Pau - a modernizmus rejtett gy\u00f6ngyszeme<\/strong><\/p>\n<p>Az egykori Sant Pau k\u00f3rh\u00e1z a vil\u00e1g legkiterjedtebb szecesszi\u00f3s komplexuma. A sz\u00ednes pavilonok, a kertek \u00e9s a barcelonai orvostudom\u00e1ny t\u00f6rt\u00e9nete \u00e9p\u00edt\u00e9szeti csemeg\u00e9v\u00e9 teszik ezt a helyet.<\/p>\n<p><strong>Bunkerek \u00e9s Tibidabo - nem feledhet\u0151 kil\u00e1t\u00e1s<\/strong><\/p>\n<p class=\"p1\"><span class=\"s1\">A Bunker del Carmel 1937-ben \u00e9p\u00fclt a spanyol polg\u00e1rh\u00e1bor\u00fa idej\u00e9n l\u00e9gv\u00e9delmi \u00fctegnek -<strong> a feladatuk az volt, hogy megv\u00e9dj\u00e9k Barcelon\u00e1t a l\u00e9git\u00e1mad\u00e1sokt\u00f3l.<\/strong> (k\u00fcl\u00f6n\u00f6sen a l\u00e1zad\u00f3kat t\u00e1mogat\u00f3 olasz rep\u00fcl\u0151g\u00e9pek). <\/span><span class=\"s1\">A h\u00e1bor\u00fa ut\u00e1n elvesztett\u00e9k katonai jelent\u0151s\u00e9g\u00fcket. A helyet \u00e1talak\u00edtott\u00e1k, a r\u00e9gi betonszerkezeteket \u00e9s a k\u00f6rnyez\u0151 ter\u00fcletet a v\u00e1ls\u00e1g idej\u00e9n r\u00f6gt\u00f6nz\u00f6tt lak\u00e1sokk\u00e9nt haszn\u00e1lt\u00e1k. <\/span><span class=\"s1\">Ma t\u00f6rt\u00e9nelmi helysz\u00edn, a bunkerek romjaik\u00e9nt maradtak fenn. A h\u00e1bor\u00fa \u00e9s a h\u00e1bor\u00fa ut\u00e1ni t\u00f6rt\u00e9nelmet bemutat\u00f3 szabadt\u00e9ri ki\u00e1ll\u00edt\u00e1s is tal\u00e1lhat\u00f3. <\/span><span class=\"s1\">A bunkerek megl\u00e1togat\u00e1sa azonban nem csak a t\u00f6rt\u00e9nelmi eml\u00e9kezetr\u0151l sz\u00f3l, hanem arr\u00f3l is.<strong>Ez az egyik legszebb panor\u00e1m\u00e1s hely eg\u00e9sz Barcelon\u00e1ban.\u00a0<\/strong><\/span><\/p>\n<p class=\"p1\"><span class=\"s1\"><strong>Tibidabo Barcelona legmagasabb dombja<\/strong>, amely az eg\u00e9sz v\u00e1rosra ny\u00edl\u00f3 csod\u00e1latos kil\u00e1t\u00e1s\u00e1r\u00f3l ismert \u00e9s <strong>Sagrat Cor temploma<\/strong>amely uralja az \u00e9gboltot. Van m\u00e9g egy <strong>a vil\u00e1g egyik legr\u00e9gebbi vid\u00e1mparkja<\/strong> retro hangulat\u00fa, ikonikus Avi\u00f3 rep\u00fcl\u0151g\u00e9pekkel. A cs\u00facsra fel lehet jutni dr\u00f3tk\u00f6t\u00e9lp\u00e1ly\u00e1val, busszal vagy a Collserola parkon kereszt\u00fcl vezet\u0151 gy\u00f6ny\u00f6r\u0171 t\u00f6rt\u00e9nelmi \u00fatvonalon. <strong>Innen az eg\u00e9sz v\u00e1ros a tenyer\u00e9n hordozhat\u00f3.<\/strong><\/span><\/p>\n<p><img loading=\"lazy\" decoding=\"async\" class=\"alignnone wp-image-4235\" src=\"https:\/\/soleylingo.sk\/wp-content\/uploads\/2025\/12\/bunker1-1024x765.jpg\" alt=\"\" width=\"354\" height=\"264\" srcset=\"https:\/\/soleylingo.sk\/wp-content\/uploads\/2025\/12\/bunker1-1024x765.jpg 1024w, https:\/\/soleylingo.sk\/wp-content\/uploads\/2025\/12\/bunker1-300x224.jpg 300w, https:\/\/soleylingo.sk\/wp-content\/uploads\/2025\/12\/bunker1-768x574.jpg 768w, https:\/\/soleylingo.sk\/wp-content\/uploads\/2025\/12\/bunker1-1536x1147.jpg 1536w, https:\/\/soleylingo.sk\/wp-content\/uploads\/2025\/12\/bunker1-2048x1530.jpg 2048w, https:\/\/soleylingo.sk\/wp-content\/uploads\/2025\/12\/bunker1-16x12.jpg 16w, https:\/\/soleylingo.sk\/wp-content\/uploads\/2025\/12\/bunker1-600x448.jpg 600w\" sizes=\"(max-width: 354px) 100vw, 354px\" \/>\u00a0 <img loading=\"lazy\" decoding=\"async\" class=\"alignnone wp-image-4236\" src=\"https:\/\/soleylingo.sk\/wp-content\/uploads\/2025\/12\/fullsizerender-81-802x1024.jpg\" alt=\"\" width=\"206\" height=\"263\" srcset=\"https:\/\/soleylingo.sk\/wp-content\/uploads\/2025\/12\/fullsizerender-81-802x1024.jpg 802w, https:\/\/soleylingo.sk\/wp-content\/uploads\/2025\/12\/fullsizerender-81-235x300.jpg 235w, https:\/\/soleylingo.sk\/wp-content\/uploads\/2025\/12\/fullsizerender-81-768x981.jpg 768w, https:\/\/soleylingo.sk\/wp-content\/uploads\/2025\/12\/fullsizerender-81-1203x1536.jpg 1203w, https:\/\/soleylingo.sk\/wp-content\/uploads\/2025\/12\/fullsizerender-81-9x12.jpg 9w, https:\/\/soleylingo.sk\/wp-content\/uploads\/2025\/12\/fullsizerender-81-600x766.jpg 600w, https:\/\/soleylingo.sk\/wp-content\/uploads\/2025\/12\/fullsizerender-81.jpg 1343w\" sizes=\"(max-width: 206px) 100vw, 206px\" \/>\u00a0 <img loading=\"lazy\" decoding=\"async\" class=\"alignnone wp-image-4237\" src=\"https:\/\/soleylingo.sk\/wp-content\/uploads\/2025\/12\/fullsizerender-10-794x1024.jpg\" alt=\"\" width=\"205\" height=\"264\" srcset=\"https:\/\/soleylingo.sk\/wp-content\/uploads\/2025\/12\/fullsizerender-10-794x1024.jpg 794w, https:\/\/soleylingo.sk\/wp-content\/uploads\/2025\/12\/fullsizerender-10-233x300.jpg 233w, https:\/\/soleylingo.sk\/wp-content\/uploads\/2025\/12\/fullsizerender-10-768x991.jpg 768w, https:\/\/soleylingo.sk\/wp-content\/uploads\/2025\/12\/fullsizerender-10-1190x1536.jpg 1190w, https:\/\/soleylingo.sk\/wp-content\/uploads\/2025\/12\/fullsizerender-10-9x12.jpg 9w, https:\/\/soleylingo.sk\/wp-content\/uploads\/2025\/12\/fullsizerender-10-600x774.jpg 600w, https:\/\/soleylingo.sk\/wp-content\/uploads\/2025\/12\/fullsizerender-10.jpg 1347w\" sizes=\"(max-width: 205px) 100vw, 205px\" \/><\/p>\n<p>Barcelona egy olyan v\u00e1ros, ahol Gaud\u00ed nem csak az \u00e9p\u00fcleteit hagyta h\u00e1tra - a k\u00e9z\u00edr\u00e1s\u00e1t, a lelk\u00e9t \u00e9s a v\u00e9gtelen fant\u00e1zi\u00e1j\u00e1t hagyta h\u00e1tra. Minden egyes h\u00e1za, parkja \u00e9s temploma \u00f6nmag\u00e1ban egy vil\u00e1g. A m\u0171vei k\u00f6z\u00f6tt barangolva olyan, mint egy utaz\u00e1s a k\u00e9pzeletbe, amely eml\u00e9keztet arra, hogy mi <strong>sz\u00e9p lehet az ember kapcsolata a term\u00e9szettel, a f\u00e9nnyel \u00e9s a sz\u00ednekkel.<\/strong>.<\/p>\n<p>Gaud\u00ed Barcelon\u00e1ja nem csak az \u00e9p\u00edt\u00e9szetr\u0151l sz\u00f3l. Hanem az \u00e9rz\u00e9sekr\u0151l, a meg\u00e1ll\u00e1sr\u00f3l, arr\u00f3l a csendes csod\u00e1r\u00f3l, ami elragad, amikor feln\u00e9zel. Sz\u00e1momra ez volt \u00e9letem egyik legszebb id\u0151szaka - tele inspir\u00e1ci\u00f3val, b\u00e9k\u00e9vel \u00e9s csod\u00e1lattal egy t\u00f6bb mint sz\u00e1z \u00e9ve fenn\u00e1ll\u00f3 zseni ir\u00e1nt.<\/p>\n<p>Ha \u00fagy d\u00f6nt, hogy az \u0151 nyomdokaiba l\u00e9p, k\u00edv\u00e1nom, hogy Barcelon\u00e1ban is fedezze fel azt, amit \u00e9n tal\u00e1ltam ott - egy var\u00e1zslatos helyet, amely a sz\u00edv\u00e9n\u00e9l fogva ragadja meg az embert, \u00e9s soha nem engedi el.<\/p>\n<p style=\"text-align: right;\"><em>Mgr. Dominika Fran\u00e7ois<\/em><\/p>","protected":false},"excerpt":{"rendered":"<p>Barcelona egyike azoknak a v\u00e1rosoknak, amelyekbe az ember beleszeret, miel\u0151tt \u00e9szrevenn\u00e9. Karaktere, ritmusa \u00e9s \u00f6sszet\u00e9veszthetetlen sz\u00e9ps\u00e9ge sok embert k\u00e9pes a sz\u00edv\u00e9n\u00e9l fogva megragadni. \u00c9n is k\u00f6z\u00e9j\u00fck tartozom. Minden reggel egy olyan v\u00e1rosra \u00e9bredek, amely tele van sz\u00ednekkel, hangokkal, illatokkal \u00e9s t\u00f6rt\u00e9netekkel, amelyek olyan term\u00e9szetesen keverednek, mint az emberek az utc\u00e1in. [...]<\/p>","protected":false},"author":2,"featured_media":4180,"comment_status":"open","ping_status":"open","sticky":false,"template":"","format":"standard","meta":{"_seopress_robots_primary_cat":"none","_seopress_titles_title":"","_seopress_titles_desc":"","_seopress_robots_index":"","site-sidebar-layout":"default","site-content-layout":"","ast-site-content-layout":"default","site-content-style":"default","site-sidebar-style":"default","ast-global-header-display":"","ast-banner-title-visibility":"","ast-main-header-display":"","ast-hfb-above-header-display":"","ast-hfb-below-header-display":"","ast-hfb-mobile-header-display":"","site-post-title":"","ast-breadcrumbs-content":"","ast-featured-img":"","footer-sml-layout":"","theme-transparent-header-meta":"default","adv-header-id-meta":"","stick-header-meta":"","header-above-stick-meta":"","header-main-stick-meta":"","header-below-stick-meta":"","astra-migrate-meta-layouts":"set","ast-page-background-enabled":"default","ast-page-background-meta":{"desktop":{"background-color":"","background-image":"","background-repeat":"repeat","background-position":"center center","background-size":"auto","background-attachment":"scroll","background-type":"","background-media":"","overlay-type":"","overlay-color":"","overlay-gradient":""},"tablet":{"background-color":"","background-image":"","background-repeat":"repeat","background-position":"center center","background-size":"auto","background-attachment":"scroll","background-type":"","background-media":"","overlay-type":"","overlay-color":"","overlay-gradient":""},"mobile":{"background-color":"","background-image":"","background-repeat":"repeat","background-position":"center center","background-size":"auto","background-attachment":"scroll","background-type":"","background-media":"","overlay-type":"","overlay-color":"","overlay-gradient":""}},"ast-content-background-meta":{"desktop":{"background-color":"var(--ast-global-color-5)","background-image":"","background-repeat":"repeat","background-position":"center center","background-size":"auto","background-attachment":"scroll","background-type":"","background-media":"","overlay-type":"","overlay-color":"","overlay-gradient":""},"tablet":{"background-color":"var(--ast-global-color-5)","background-image":"","background-repeat":"repeat","background-position":"center center","background-size":"auto","background-attachment":"scroll","background-type":"","background-media":"","overlay-type":"","overlay-color":"","overlay-gradient":""},"mobile":{"background-color":"var(--ast-global-color-5)","background-image":"","background-repeat":"repeat","background-position":"center center","background-size":"auto","background-attachment":"scroll","background-type":"","background-media":"","overlay-type":"","overlay-color":"","overlay-gradient":""}},"pgc_sgb_lightbox_settings":"","footnotes":""},"categories":[26],"tags":[],"class_list":["post-4178","post","type-post","status-publish","format-standard","has-post-thumbnail","hentry","category-soley-blog"],"_links":{"self":[{"href":"https:\/\/soleylingo.sk\/hu\/wp-json\/wp\/v2\/posts\/4178","targetHints":{"allow":["GET"]}}],"collection":[{"href":"https:\/\/soleylingo.sk\/hu\/wp-json\/wp\/v2\/posts"}],"about":[{"href":"https:\/\/soleylingo.sk\/hu\/wp-json\/wp\/v2\/types\/post"}],"author":[{"embeddable":true,"href":"https:\/\/soleylingo.sk\/hu\/wp-json\/wp\/v2\/users\/2"}],"replies":[{"embeddable":true,"href":"https:\/\/soleylingo.sk\/hu\/wp-json\/wp\/v2\/comments?post=4178"}],"version-history":[{"count":23,"href":"https:\/\/soleylingo.sk\/hu\/wp-json\/wp\/v2\/posts\/4178\/revisions"}],"predecessor-version":[{"id":4245,"href":"https:\/\/soleylingo.sk\/hu\/wp-json\/wp\/v2\/posts\/4178\/revisions\/4245"}],"wp:featuredmedia":[{"embeddable":true,"href":"https:\/\/soleylingo.sk\/hu\/wp-json\/wp\/v2\/media\/4180"}],"wp:attachment":[{"href":"https:\/\/soleylingo.sk\/hu\/wp-json\/wp\/v2\/media?parent=4178"}],"wp:term":[{"taxonomy":"category","embeddable":true,"href":"https:\/\/soleylingo.sk\/hu\/wp-json\/wp\/v2\/categories?post=4178"},{"taxonomy":"post_tag","embeddable":true,"href":"https:\/\/soleylingo.sk\/hu\/wp-json\/wp\/v2\/tags?post=4178"}],"curies":[{"name":"wp","href":"https:\/\/api.w.org\/{rel}","templated":true}]}}