{"id":3683,"date":"2025-07-24T13:50:37","date_gmt":"2025-07-24T11:50:37","guid":{"rendered":"https:\/\/soleylingo.sk\/?p=3683"},"modified":"2025-08-03T15:28:09","modified_gmt":"2025-08-03T13:28:09","slug":"karavanom-za-polarnym-kruhom-cast-2-lofoty","status":"publish","type":"post","link":"https:\/\/soleylingo.sk\/hu\/karavanom-za-polarnym-kruhom-cast-2-lofoty\/","title":{"rendered":"Karav\u00e1nnal az \u00e9szaki sarkk\u00f6rig, 2. r\u00e9sz - Lofoten-szigetek"},"content":{"rendered":"<p><strong>Lofoten<\/strong>, az \u00e9szaki sarkk\u00f6r\u00f6n t\u00fali norv\u00e9g szigetvil\u00e1g, ami \u00fagy hangzik, mintha a vil\u00e1g v\u00e9ge lenne, val\u00f3j\u00e1ban az egyik legvar\u00e1zslatosabb utaz\u00e1si \u00e9lm\u00e9ny\u00fcnk kezdete volt. Sokan egyet\u00e9rtenek abban, hogy nemcsak Norv\u00e9gia, hanem az eg\u00e9sz vil\u00e1g legszebb szigetcsoportja. \u00c9n nagyon is hajlok erre a v\u00e9lem\u00e9nyre.<\/p>\n<p>A Lofoten h\u00edres dr\u00e1mai hegyvid\u00e9ki t\u00e1j\u00e1r\u00f3l, t\u00fcrkizk\u00e9k tenger\u00e9r\u0151l, hal\u00e1szfalvair\u00f3l \u00e9s a ny\u00e1ri h\u00f3napokban a sarki nap \u00e1lland\u00f3 f\u00e9ny\u00e9r\u0151l. A term\u00e9szet teljes vir\u00e1gz\u00e1sban van, \u00e9s az utak m\u00e9g a hozz\u00e1nk hasonl\u00f3 lak\u00f3kocsik sz\u00e1m\u00e1ra is j\u00e1rhat\u00f3ak. Miut\u00e1n a <strong>4 457 <\/strong>kilom\u00e9tereket vezetve, bel\u00e9p\u00fcnk a r\u00e9g\u00f3ta v\u00e1gyott helyekre, amelyeket eddig csak k\u00e9pekr\u0151l ismert\u00fcnk.<span class=\"Apple-converted-space\">\u00a0<\/span><\/p>\n<p>A szigetcsoport k\u00f6r\u00fclbel\u00fcl 200 kilom\u00e9terrel az \u00c9szaki-sarkk\u00f6r felett fekszik a <strong>Nordland<\/strong>. F\u0151k\u00e9nt Austv\u00e5g\u00f8ya, Vestv\u00e5g\u00f8ya, Flakstad\u00f8ya \u00e9s Moskenes\u00f8ya szigetekb\u0151l \u00e1ll, amelyeket az E10-es \u00fat, m\u00e1s n\u00e9ven Lofotveggen k\u00f6t \u00f6ssze. Ez az \u00fat az eg\u00e9sz szigetcsoporton kereszt\u00fcl vezet a k\u00f6vetkez\u0151 telep\u00fcl\u00e9sig <strong>\u00c5<\/strong>, amely ennek az \u00fatnak a v\u00e9g\u00e9n fekszik, \u00e9s p\u00e9ld\u00e1ul a t\u0151kehalsz\u00e1r\u00edt\u00f3 m\u00fazeum\u00e1r\u00f3l h\u00edres.<\/p>\n<p><img fetchpriority=\"high\" decoding=\"async\" class=\"alignnone wp-image-3689\" src=\"https:\/\/soleylingo.sk\/wp-content\/uploads\/2025\/07\/DSC08341-1024x337.jpg\" alt=\"\" width=\"1082\" height=\"356\" srcset=\"https:\/\/soleylingo.sk\/wp-content\/uploads\/2025\/07\/DSC08341-1024x337.jpg 1024w, https:\/\/soleylingo.sk\/wp-content\/uploads\/2025\/07\/DSC08341-300x99.jpg 300w, https:\/\/soleylingo.sk\/wp-content\/uploads\/2025\/07\/DSC08341-768x252.jpg 768w, https:\/\/soleylingo.sk\/wp-content\/uploads\/2025\/07\/DSC08341-1536x505.jpg 1536w, https:\/\/soleylingo.sk\/wp-content\/uploads\/2025\/07\/DSC08341-2048x673.jpg 2048w, https:\/\/soleylingo.sk\/wp-content\/uploads\/2025\/07\/DSC08341-18x6.jpg 18w, https:\/\/soleylingo.sk\/wp-content\/uploads\/2025\/07\/DSC08341-600x197.jpg 600w\" sizes=\"(max-width: 1082px) 100vw, 1082px\" \/><\/p>\n<p>A Lofotenek kiv\u00e9teles term\u00e9szet\u00e9r\u0151l ismert: meredek, k\u00f6zvetlen\u00fcl a tengerbe zuhan\u00f3 hegyek, tiszta viz\u0171 fjordok, feh\u00e9r, finom homokos strandok \u00e9s hagyom\u00e1nyos hal\u00e1szfalvak v\u00f6r\u00f6s h\u00e1zakkal, \u00fagynevezett rorbuerekkel. A hely hossz\u00fa hal\u00e1szati m\u00faltra tekint vissza, k\u00fcl\u00f6n\u00f6sen a t\u0151kehal (skrei) hal\u00e1szata, ami kult\u00far\u00e1jukat \u00e9s \u00e9p\u00edt\u00e9szet\u00fcket is form\u00e1lta. A szigetek ma m\u00e1r egyre n\u00e9pszer\u0171bbek a turist\u00e1k k\u00f6r\u00e9ben, k\u00fcl\u00f6n\u00f6sen a ny\u00e1ri h\u00f3napokban, de m\u00e9g mindig meg\u0151rzik a nyugalom \u00e9s az elszigetelts\u00e9g \u00e9rz\u00e9s\u00e9t.<\/p>\n<p>Miut\u00e1n \u00e1tkelt\u00fcnk a Festv\u00e5gb\u00f3l a sz\u00e1razf\u00f6ldi h\u00eddon, nyugat fel\u00e9 vessz\u00fck az ir\u00e1nyt. Az \u00fat a fjord ment\u00e9n kanyarog <b>Grunnf\u00f8rfjord<\/b>amely kev\u00e9sb\u00e9 ismert, mint a nyugati fjordok \"k\u00e9peslapja\", de \u00e9ppen ez adja hozz\u00e1 a var\u00e1zs\u00e1t. A k\u00f6rny\u00e9k csendes, a turist\u00e1k sz\u00e1ma minim\u00e1lis, a term\u00e9szet pedig szinte \u00e9rintetlen.<\/p>\n<p><img decoding=\"async\" class=\"alignnone wp-image-3694\" src=\"https:\/\/soleylingo.sk\/wp-content\/uploads\/2025\/07\/DSC08204-1024x684.jpg\" alt=\"\" width=\"490\" height=\"327\" srcset=\"https:\/\/soleylingo.sk\/wp-content\/uploads\/2025\/07\/DSC08204-1024x684.jpg 1024w, https:\/\/soleylingo.sk\/wp-content\/uploads\/2025\/07\/DSC08204-300x200.jpg 300w, https:\/\/soleylingo.sk\/wp-content\/uploads\/2025\/07\/DSC08204-768x513.jpg 768w, https:\/\/soleylingo.sk\/wp-content\/uploads\/2025\/07\/DSC08204-1536x1026.jpg 1536w, https:\/\/soleylingo.sk\/wp-content\/uploads\/2025\/07\/DSC08204-2048x1368.jpg 2048w, https:\/\/soleylingo.sk\/wp-content\/uploads\/2025\/07\/DSC08204-18x12.jpg 18w, https:\/\/soleylingo.sk\/wp-content\/uploads\/2025\/07\/DSC08204-600x401.jpg 600w\" sizes=\"(max-width: 490px) 100vw, 490px\" \/> \u00a0<img decoding=\"async\" class=\"alignnone wp-image-3695\" src=\"https:\/\/soleylingo.sk\/wp-content\/uploads\/2025\/07\/IMG_1767-1024x768.jpeg\" alt=\"\" width=\"435\" height=\"327\" srcset=\"https:\/\/soleylingo.sk\/wp-content\/uploads\/2025\/07\/IMG_1767-1024x768.jpeg 1024w, https:\/\/soleylingo.sk\/wp-content\/uploads\/2025\/07\/IMG_1767-300x225.jpeg 300w, https:\/\/soleylingo.sk\/wp-content\/uploads\/2025\/07\/IMG_1767-768x576.jpeg 768w, https:\/\/soleylingo.sk\/wp-content\/uploads\/2025\/07\/IMG_1767-1536x1152.jpeg 1536w, https:\/\/soleylingo.sk\/wp-content\/uploads\/2025\/07\/IMG_1767-2048x1536.jpeg 2048w, https:\/\/soleylingo.sk\/wp-content\/uploads\/2025\/07\/IMG_1767-16x12.jpeg 16w, https:\/\/soleylingo.sk\/wp-content\/uploads\/2025\/07\/IMG_1767-600x450.jpeg 600w\" sizes=\"(max-width: 435px) 100vw, 435px\" \/><\/p>\n<p>Az aszfalt\u00fat a fjord partj\u00e1t k\u00f6veti, id\u0151nk\u00e9nt szel\u00edd dombokra emelkedik, \u00e9s gy\u00f6ny\u00f6r\u0171 kil\u00e1t\u00e1st ny\u00fajt - k\u00fcl\u00f6n\u00f6sen a fjord nyugati oldal\u00e1n, a fjord fel\u00e9 vezet\u0151 \u00faton. <b>Grunnf\u00f8r<\/b>. Ny\u00e1ron a partokat ben\u00f6vi a z\u00f6ld n\u00f6v\u00e9nyzet, \u00e9s a v\u00edz t\u00fck\u00f6rk\u00e9pe visszat\u00fckr\u00f6zi a k\u00f6rnyez\u0151 hegyeket a h\u00f3 utols\u00f3 maradv\u00e1nyaival.<\/p>\n<p><img loading=\"lazy\" decoding=\"async\" class=\"alignnone wp-image-3700\" src=\"https:\/\/soleylingo.sk\/wp-content\/uploads\/2025\/07\/DSC08218-1024x684.jpg\" alt=\"\" width=\"470\" height=\"314\" srcset=\"https:\/\/soleylingo.sk\/wp-content\/uploads\/2025\/07\/DSC08218-1024x684.jpg 1024w, https:\/\/soleylingo.sk\/wp-content\/uploads\/2025\/07\/DSC08218-300x200.jpg 300w, https:\/\/soleylingo.sk\/wp-content\/uploads\/2025\/07\/DSC08218-768x513.jpg 768w, https:\/\/soleylingo.sk\/wp-content\/uploads\/2025\/07\/DSC08218-1536x1026.jpg 1536w, https:\/\/soleylingo.sk\/wp-content\/uploads\/2025\/07\/DSC08218-2048x1368.jpg 2048w, https:\/\/soleylingo.sk\/wp-content\/uploads\/2025\/07\/DSC08218-18x12.jpg 18w, https:\/\/soleylingo.sk\/wp-content\/uploads\/2025\/07\/DSC08218-600x401.jpg 600w\" sizes=\"(max-width: 470px) 100vw, 470px\" \/> \u00a0<img loading=\"lazy\" decoding=\"async\" class=\"alignnone wp-image-3701\" src=\"https:\/\/soleylingo.sk\/wp-content\/uploads\/2025\/07\/DSC08225-1024x684.jpg\" alt=\"\" width=\"470\" height=\"314\" srcset=\"https:\/\/soleylingo.sk\/wp-content\/uploads\/2025\/07\/DSC08225-1024x684.jpg 1024w, https:\/\/soleylingo.sk\/wp-content\/uploads\/2025\/07\/DSC08225-300x200.jpg 300w, https:\/\/soleylingo.sk\/wp-content\/uploads\/2025\/07\/DSC08225-768x513.jpg 768w, https:\/\/soleylingo.sk\/wp-content\/uploads\/2025\/07\/DSC08225-1536x1026.jpg 1536w, https:\/\/soleylingo.sk\/wp-content\/uploads\/2025\/07\/DSC08225-2048x1368.jpg 2048w, https:\/\/soleylingo.sk\/wp-content\/uploads\/2025\/07\/DSC08225-18x12.jpg 18w, https:\/\/soleylingo.sk\/wp-content\/uploads\/2025\/07\/DSC08225-600x401.jpg 600w\" sizes=\"(max-width: 470px) 100vw, 470px\" \/><\/p>\n<p style=\"text-align: center;\"><em>\u00c9jf\u00e9li nap a fjordban<\/em><\/p>\n<p>Egy nyugodt nap ut\u00e1n Grunnforfjordban, k\u00f6zelebb ment\u00fcnk a v\u00e1rosokhoz. <b>Svolv\u00e6r<\/b> a <b>Kabelv\u00e5g<\/b>, ahol v\u00e1rtuk az emelked\u0151t a <b>Tjeldbergtind. <\/b>Ez a cs\u00facs szinte pontosan a keleti Lofoten-szigetek k\u00e9t legnagyobb telep\u00fcl\u00e9se k\u00f6z\u00f6tt fekszik, \u00e9s csod\u00e1latos 360 fokos panor\u00e1m\u00e1t k\u00edn\u00e1l: az egyik oldalon a kik\u00f6t\u0151 \u00e9s a Svolv\u00e6r k\u00f6r\u00fcli szigetek, a m\u00e1sikon a Kabelv\u00e5g partvonala \u00e9s a ny\u00edlt tenger l\u00e1that\u00f3. K\u00f6z\u00e9pen tavak, erd\u0151s dombok \u00e9s szikl\u00e1s hegygerincek rendszere h\u00faz\u00f3dik alattunk.<\/p>\n<p><img loading=\"lazy\" decoding=\"async\" class=\"alignnone wp-image-3705\" src=\"https:\/\/soleylingo.sk\/wp-content\/uploads\/2025\/07\/IMG_1808-768x1024.jpeg\" alt=\"\" width=\"308\" height=\"410\" srcset=\"https:\/\/soleylingo.sk\/wp-content\/uploads\/2025\/07\/IMG_1808-768x1024.jpeg 768w, https:\/\/soleylingo.sk\/wp-content\/uploads\/2025\/07\/IMG_1808-225x300.jpeg 225w, https:\/\/soleylingo.sk\/wp-content\/uploads\/2025\/07\/IMG_1808-1152x1536.jpeg 1152w, https:\/\/soleylingo.sk\/wp-content\/uploads\/2025\/07\/IMG_1808-1536x2048.jpeg 1536w, https:\/\/soleylingo.sk\/wp-content\/uploads\/2025\/07\/IMG_1808-9x12.jpeg 9w, https:\/\/soleylingo.sk\/wp-content\/uploads\/2025\/07\/IMG_1808-600x800.jpeg 600w, https:\/\/soleylingo.sk\/wp-content\/uploads\/2025\/07\/IMG_1808-scaled.jpeg 1920w\" sizes=\"(max-width: 308px) 100vw, 308px\" \/> \u00a0<img loading=\"lazy\" decoding=\"async\" class=\"alignnone wp-image-3706\" src=\"https:\/\/soleylingo.sk\/wp-content\/uploads\/2025\/07\/DSC08239-1024x684.jpg\" alt=\"\" width=\"617\" height=\"412\" srcset=\"https:\/\/soleylingo.sk\/wp-content\/uploads\/2025\/07\/DSC08239-1024x684.jpg 1024w, https:\/\/soleylingo.sk\/wp-content\/uploads\/2025\/07\/DSC08239-300x200.jpg 300w, https:\/\/soleylingo.sk\/wp-content\/uploads\/2025\/07\/DSC08239-768x513.jpg 768w, https:\/\/soleylingo.sk\/wp-content\/uploads\/2025\/07\/DSC08239-1536x1026.jpg 1536w, https:\/\/soleylingo.sk\/wp-content\/uploads\/2025\/07\/DSC08239-2048x1368.jpg 2048w, https:\/\/soleylingo.sk\/wp-content\/uploads\/2025\/07\/DSC08239-18x12.jpg 18w, https:\/\/soleylingo.sk\/wp-content\/uploads\/2025\/07\/DSC08239-600x401.jpg 600w\" sizes=\"(max-width: 617px) 100vw, 617px\" \/><\/p>\n<p>A leggyakoribb kiindul\u00f3pont az E10-es \u00fat melletti parkol\u00f3, a t\u00f3 mellett. <b>Litl-Kongsvatnet<\/b> (GPS: 68.2334121, 14.5189339). Innen egy j\u00f3l jelzett erdei \u00f6sv\u00e9ny vezet, amely egy id\u0151 ut\u00e1n t\u0171level\u0171 erd\u0151n \u00e9s k\u0151mez\u0151k\u00f6n kereszt\u00fcl egy meredekebb \u00f6sv\u00e9nyre v\u00e1lt.<\/p>\n<p>A t\u00fara kev\u00e9sb\u00e9 j\u00f3 kond\u00edci\u00f3j\u00fa t\u00far\u00e1z\u00f3k sz\u00e1m\u00e1ra is alkalmas, de egyes szakaszok es\u0151 eset\u00e9n cs\u00fasz\u00f3sak lehetnek. Az eg\u00e9sz t\u00fara, a cs\u00facson tartott pihen\u0151vel egy\u00fctt (egy k\u00f6r - teh\u00e1t nem ugyanazon az \u00fatvonalon t\u00e9r\u00fcnk vissza) k\u00f6r\u00fclbel\u00fcl h\u00e1rom \u00e9s f\u00e9l \u00f3r\u00e1t vett ig\u00e9nybe.<\/p>\n<p><img loading=\"lazy\" decoding=\"async\" class=\"alignnone wp-image-3708\" src=\"https:\/\/soleylingo.sk\/wp-content\/uploads\/2025\/07\/DSC08236-1024x617.jpg\" alt=\"\" width=\"464\" height=\"280\" srcset=\"https:\/\/soleylingo.sk\/wp-content\/uploads\/2025\/07\/DSC08236-1024x617.jpg 1024w, https:\/\/soleylingo.sk\/wp-content\/uploads\/2025\/07\/DSC08236-300x181.jpg 300w, https:\/\/soleylingo.sk\/wp-content\/uploads\/2025\/07\/DSC08236-768x463.jpg 768w, https:\/\/soleylingo.sk\/wp-content\/uploads\/2025\/07\/DSC08236-1536x926.jpg 1536w, https:\/\/soleylingo.sk\/wp-content\/uploads\/2025\/07\/DSC08236-2048x1235.jpg 2048w, https:\/\/soleylingo.sk\/wp-content\/uploads\/2025\/07\/DSC08236-18x12.jpg 18w, https:\/\/soleylingo.sk\/wp-content\/uploads\/2025\/07\/DSC08236-600x362.jpg 600w\" sizes=\"(max-width: 464px) 100vw, 464px\" \/>\u00a0 <img loading=\"lazy\" decoding=\"async\" class=\"alignnone wp-image-3709\" src=\"https:\/\/soleylingo.sk\/wp-content\/uploads\/2025\/07\/IMG_1819-768x1024.jpeg\" alt=\"\" width=\"210\" height=\"280\" srcset=\"https:\/\/soleylingo.sk\/wp-content\/uploads\/2025\/07\/IMG_1819-768x1024.jpeg 768w, https:\/\/soleylingo.sk\/wp-content\/uploads\/2025\/07\/IMG_1819-225x300.jpeg 225w, https:\/\/soleylingo.sk\/wp-content\/uploads\/2025\/07\/IMG_1819-1152x1536.jpeg 1152w, https:\/\/soleylingo.sk\/wp-content\/uploads\/2025\/07\/IMG_1819-1536x2048.jpeg 1536w, https:\/\/soleylingo.sk\/wp-content\/uploads\/2025\/07\/IMG_1819-9x12.jpeg 9w, https:\/\/soleylingo.sk\/wp-content\/uploads\/2025\/07\/IMG_1819-600x800.jpeg 600w, https:\/\/soleylingo.sk\/wp-content\/uploads\/2025\/07\/IMG_1819-scaled.jpeg 1920w\" sizes=\"(max-width: 210px) 100vw, 210px\" \/>\u00a0 <img loading=\"lazy\" decoding=\"async\" class=\"alignnone wp-image-3710\" src=\"https:\/\/soleylingo.sk\/wp-content\/uploads\/2025\/07\/IMG_1833-851x1024.jpeg\" alt=\"\" width=\"234\" height=\"282\" srcset=\"https:\/\/soleylingo.sk\/wp-content\/uploads\/2025\/07\/IMG_1833-851x1024.jpeg 851w, https:\/\/soleylingo.sk\/wp-content\/uploads\/2025\/07\/IMG_1833-249x300.jpeg 249w, https:\/\/soleylingo.sk\/wp-content\/uploads\/2025\/07\/IMG_1833-768x924.jpeg 768w, https:\/\/soleylingo.sk\/wp-content\/uploads\/2025\/07\/IMG_1833-1277x1536.jpeg 1277w, https:\/\/soleylingo.sk\/wp-content\/uploads\/2025\/07\/IMG_1833-1703x2048.jpeg 1703w, https:\/\/soleylingo.sk\/wp-content\/uploads\/2025\/07\/IMG_1833-10x12.jpeg 10w, https:\/\/soleylingo.sk\/wp-content\/uploads\/2025\/07\/IMG_1833-600x722.jpeg 600w\" sizes=\"(max-width: 234px) 100vw, 234px\" \/><\/p>\n<p><b>Lofotr Vikingmuseet: Visszat\u00e9r\u00e9s a viking korba<\/b><\/p>\n<p>Tjeldbergtindbe t\u00far\u00e1zva \u00e9s tov\u00e1bb haladva nyugat fel\u00e9, meg\u00e1lltunk Borg faluban - \u00c9szak-Eur\u00f3pa egyik legjelent\u0151sebb r\u00e9g\u00e9szeti felfedez\u00e9s\u00e9nek helysz\u00edn\u00e9n. Itt fedeztek fel az 1980-as \u00e9vekben egy hatalmas viking lak\u00f3helyet, amely a Lofotr M\u00fazeum l\u00e9trehoz\u00e1s\u00e1nak alapj\u00e1ul szolg\u00e1lt.<\/p>\n<p><b>Mi az a Lofotr?<\/b><\/p>\n<p>Ez a viking t\u00f6rzsf\u0151k eredeti, Kr. u. 500-900 k\u00f6z\u00f6tti id\u0151szakb\u00f3l sz\u00e1rmaz\u00f3 lak\u00f3hely\u00e9nek rekonstrukci\u00f3ja. A fa\u00e9p\u00edtm\u00e9ny leny\u0171g\u00f6z\u0151, 83 m\u00e9ter magas, \u00e9s ugyan\u00fagy uralja a t\u00e1jat, mint egykoron. Belsej\u00e9ben t\u00f6rt\u00e9nelmi ki\u00e1ll\u00edt\u00e1s, szersz\u00e1mok, fegyverek \u00e9s haszn\u00e1lati t\u00e1rgyak m\u00e1solatai l\u00e1that\u00f3k. Mindent mag\u00e1val ragad\u00f3 \u00e9s interakt\u00edv m\u00f3don mutatnak be - a helyi \"vikingek\" f\u0151znek, vasat kov\u00e1csolnak vagy hagyom\u00e1nyos mesters\u00e9geket mutatnak be.<\/p>\n<p><img loading=\"lazy\" decoding=\"async\" class=\"alignnone wp-image-3712\" src=\"https:\/\/soleylingo.sk\/wp-content\/uploads\/2025\/07\/IMG_1912-1024x768.jpeg\" alt=\"\" width=\"437\" height=\"328\" srcset=\"https:\/\/soleylingo.sk\/wp-content\/uploads\/2025\/07\/IMG_1912-1024x768.jpeg 1024w, https:\/\/soleylingo.sk\/wp-content\/uploads\/2025\/07\/IMG_1912-300x225.jpeg 300w, https:\/\/soleylingo.sk\/wp-content\/uploads\/2025\/07\/IMG_1912-768x576.jpeg 768w, https:\/\/soleylingo.sk\/wp-content\/uploads\/2025\/07\/IMG_1912-1536x1152.jpeg 1536w, https:\/\/soleylingo.sk\/wp-content\/uploads\/2025\/07\/IMG_1912-2048x1536.jpeg 2048w, https:\/\/soleylingo.sk\/wp-content\/uploads\/2025\/07\/IMG_1912-16x12.jpeg 16w, https:\/\/soleylingo.sk\/wp-content\/uploads\/2025\/07\/IMG_1912-600x450.jpeg 600w\" sizes=\"(max-width: 437px) 100vw, 437px\" \/> \u00a0<img loading=\"lazy\" decoding=\"async\" class=\"alignnone wp-image-3713\" src=\"https:\/\/soleylingo.sk\/wp-content\/uploads\/2025\/07\/IMG_1893-768x1024.jpeg\" alt=\"\" width=\"245\" height=\"327\" srcset=\"https:\/\/soleylingo.sk\/wp-content\/uploads\/2025\/07\/IMG_1893-768x1024.jpeg 768w, https:\/\/soleylingo.sk\/wp-content\/uploads\/2025\/07\/IMG_1893-225x300.jpeg 225w, https:\/\/soleylingo.sk\/wp-content\/uploads\/2025\/07\/IMG_1893-1152x1536.jpeg 1152w, https:\/\/soleylingo.sk\/wp-content\/uploads\/2025\/07\/IMG_1893-1536x2048.jpeg 1536w, https:\/\/soleylingo.sk\/wp-content\/uploads\/2025\/07\/IMG_1893-9x12.jpeg 9w, https:\/\/soleylingo.sk\/wp-content\/uploads\/2025\/07\/IMG_1893-600x800.jpeg 600w, https:\/\/soleylingo.sk\/wp-content\/uploads\/2025\/07\/IMG_1893-scaled.jpeg 1920w\" sizes=\"(max-width: 245px) 100vw, 245px\" \/> \u00a0<img loading=\"lazy\" decoding=\"async\" class=\"alignnone wp-image-3714\" src=\"https:\/\/soleylingo.sk\/wp-content\/uploads\/2025\/07\/IMG_1905-768x1024.jpeg\" alt=\"\" width=\"246\" height=\"328\" srcset=\"https:\/\/soleylingo.sk\/wp-content\/uploads\/2025\/07\/IMG_1905-768x1024.jpeg 768w, https:\/\/soleylingo.sk\/wp-content\/uploads\/2025\/07\/IMG_1905-225x300.jpeg 225w, https:\/\/soleylingo.sk\/wp-content\/uploads\/2025\/07\/IMG_1905-1152x1536.jpeg 1152w, https:\/\/soleylingo.sk\/wp-content\/uploads\/2025\/07\/IMG_1905-1536x2048.jpeg 1536w, https:\/\/soleylingo.sk\/wp-content\/uploads\/2025\/07\/IMG_1905-9x12.jpeg 9w, https:\/\/soleylingo.sk\/wp-content\/uploads\/2025\/07\/IMG_1905-600x800.jpeg 600w, https:\/\/soleylingo.sk\/wp-content\/uploads\/2025\/07\/IMG_1905-scaled.jpeg 1920w\" sizes=\"(max-width: 246px) 100vw, 246px\" \/><\/p>\n<p>A m\u00fazeumnak van egy kik\u00f6t\u0151je is, ahol egy kis tavon egy viking haj\u00f3 m\u00e1solat\u00e1n lehet utazni. A haj\u00f3t k\u00e9zzel - evez\u00e9ssel - vezetik. Kipr\u00f3b\u00e1ltuk p\u00e9ld\u00e1ul az \u00edj\u00e1szatot vagy a fejszedob\u00e1st. A m\u00fazeum rendk\u00edv\u00fcl mag\u00e1val ragad\u00f3, \u00e9s sz\u00e1mos korabeli tev\u00e9kenys\u00e9get k\u00edn\u00e1l gyerekeknek \u00e9s feln\u0151tteknek.<\/p>\n<p>Vestv\u00e5g\u00f8ya \u00e9szaki partj\u00e1n fekszik egy kis telep\u00fcl\u00e9s. <b>Eggum<\/b> - n\u00e9pszer\u0171 hely az \u00f3ce\u00e1n melletti csendes s\u00e9t\u00e1khoz. Egy keskeny \u00f6sv\u00e9ny vezet itt z\u00f6ld r\u00e9teken \u00e9s legel\u00e9sz\u0151 juhokon kereszt\u00fcl a part menti parkol\u00f3hoz, ahol egykor egy m\u00e1sodik vil\u00e1gh\u00e1bor\u00fas n\u00e9met radar\u00e1llom\u00e1s \u00e1llt. Mi is \u00e9lvezt\u00fck a szikl\u00e1kr\u00f3l a meleg narancss\u00e1rga napf\u00e9nyt.<\/p>\n<p><img loading=\"lazy\" decoding=\"async\" class=\"alignnone wp-image-3716\" src=\"https:\/\/soleylingo.sk\/wp-content\/uploads\/2025\/07\/IMG_1918-768x1024.jpeg\" alt=\"\" width=\"311\" height=\"415\" srcset=\"https:\/\/soleylingo.sk\/wp-content\/uploads\/2025\/07\/IMG_1918-768x1024.jpeg 768w, https:\/\/soleylingo.sk\/wp-content\/uploads\/2025\/07\/IMG_1918-225x300.jpeg 225w, https:\/\/soleylingo.sk\/wp-content\/uploads\/2025\/07\/IMG_1918-1152x1536.jpeg 1152w, https:\/\/soleylingo.sk\/wp-content\/uploads\/2025\/07\/IMG_1918-1536x2048.jpeg 1536w, https:\/\/soleylingo.sk\/wp-content\/uploads\/2025\/07\/IMG_1918-9x12.jpeg 9w, https:\/\/soleylingo.sk\/wp-content\/uploads\/2025\/07\/IMG_1918-600x800.jpeg 600w, https:\/\/soleylingo.sk\/wp-content\/uploads\/2025\/07\/IMG_1918-scaled.jpeg 1920w\" sizes=\"(max-width: 311px) 100vw, 311px\" \/>\u00a0 <img loading=\"lazy\" decoding=\"async\" class=\"alignnone wp-image-3717\" src=\"https:\/\/soleylingo.sk\/wp-content\/uploads\/2025\/07\/DSC08305-684x1024.jpg\" alt=\"\" width=\"276\" height=\"413\" srcset=\"https:\/\/soleylingo.sk\/wp-content\/uploads\/2025\/07\/DSC08305-684x1024.jpg 684w, https:\/\/soleylingo.sk\/wp-content\/uploads\/2025\/07\/DSC08305-200x300.jpg 200w, https:\/\/soleylingo.sk\/wp-content\/uploads\/2025\/07\/DSC08305-768x1150.jpg 768w, https:\/\/soleylingo.sk\/wp-content\/uploads\/2025\/07\/DSC08305-1026x1536.jpg 1026w, https:\/\/soleylingo.sk\/wp-content\/uploads\/2025\/07\/DSC08305-1368x2048.jpg 1368w, https:\/\/soleylingo.sk\/wp-content\/uploads\/2025\/07\/DSC08305-8x12.jpg 8w, https:\/\/soleylingo.sk\/wp-content\/uploads\/2025\/07\/DSC08305-600x898.jpg 600w, https:\/\/soleylingo.sk\/wp-content\/uploads\/2025\/07\/DSC08305-scaled.jpg 1710w\" sizes=\"(max-width: 276px) 100vw, 276px\" \/> \u00a0<img loading=\"lazy\" decoding=\"async\" class=\"alignnone wp-image-3718\" src=\"https:\/\/soleylingo.sk\/wp-content\/uploads\/2025\/07\/IMG_1936-768x1024.jpeg\" alt=\"\" width=\"310\" height=\"413\" srcset=\"https:\/\/soleylingo.sk\/wp-content\/uploads\/2025\/07\/IMG_1936-768x1024.jpeg 768w, https:\/\/soleylingo.sk\/wp-content\/uploads\/2025\/07\/IMG_1936-225x300.jpeg 225w, https:\/\/soleylingo.sk\/wp-content\/uploads\/2025\/07\/IMG_1936-1152x1536.jpeg 1152w, https:\/\/soleylingo.sk\/wp-content\/uploads\/2025\/07\/IMG_1936-1536x2048.jpeg 1536w, https:\/\/soleylingo.sk\/wp-content\/uploads\/2025\/07\/IMG_1936-9x12.jpeg 9w, https:\/\/soleylingo.sk\/wp-content\/uploads\/2025\/07\/IMG_1936-600x800.jpeg 600w, https:\/\/soleylingo.sk\/wp-content\/uploads\/2025\/07\/IMG_1936-scaled.jpeg 1920w\" sizes=\"(max-width: 310px) 100vw, 310px\" \/><\/p>\n<p><b>T\u00fara az Offers\u00f8ykammenre<\/b><\/p>\n<p>K\u00f6vetkez\u0151 meg\u00e1ll\u00f3 a sziget <b>Offers\u00f8ya<\/b>. Itt emelkedik egy felt\u0171n\u00e9smentes, de vizu\u00e1lisan kiv\u00e9teles domb. <b>Offers\u00f8ykammen<\/b>amely gyorsan az egyik kedvenc hely\u00fcnkk\u00e9 v\u00e1lt a Lofoteneken.<\/p>\n<p>Az emelked\u0151 k\u00f6zvetlen\u00fcl az E10-es f\u0151\u00faton l\u00e9v\u0151 parkol\u00f3b\u00f3l indul az alag\u00fat bej\u00e1rata el\u0151tt (GPS: 68.1480743, 13.4839244). Az \u00fat el\u0151sz\u00f6r nedves f\u00fcves talajon, majd meredeken egy szikl\u00e1s gerincen vezet.<\/p>\n<p>A cs\u00facsr\u00f3l fantasztikus kil\u00e1t\u00e1s ny\u00edlik a szigetcsoport k\u00e9t oldal\u00e1ra: d\u00e9len a sz\u00e9tsz\u00f3rt szigetek, \u00f6bl\u00f6k \u00e9s a ny\u00edlt tenger, \u00e9szakon pedig Leknes v\u00e1rosa \u00e9s a k\u00f6rnyez\u0151 strandok, mint Haukland \u00e9s Vik. A j\u00f3 l\u00e1t\u00e1si viszonyok mellett a kil\u00e1t\u00e1s igaz\u00e1n kiterjedt - k\u00fcl\u00f6n\u00f6sen az esti f\u00e9nyben vagy az \u00e9jf\u00e9li napf\u00e9nyben. Az Offers\u00f8ykammen tetej\u00e9r\u0151l a t\u00e1j csendes versk\u00e9nt t\u00e1rul el\u00e9nk - a tenger, a hegyek \u00e9s az \u00e9gbolt egyetlen v\u00e9gtelen \u00e9szaki l\u00e9legzetv\u00e9telben egyes\u00fcl.<span class=\"Apple-converted-space\">\u00a0<\/span><\/p>\n<p><img loading=\"lazy\" decoding=\"async\" class=\"alignnone wp-image-3720\" src=\"https:\/\/soleylingo.sk\/wp-content\/uploads\/2025\/07\/DSC08317-1024x684.jpg\" alt=\"\" width=\"301\" height=\"201\" srcset=\"https:\/\/soleylingo.sk\/wp-content\/uploads\/2025\/07\/DSC08317-1024x684.jpg 1024w, https:\/\/soleylingo.sk\/wp-content\/uploads\/2025\/07\/DSC08317-300x200.jpg 300w, https:\/\/soleylingo.sk\/wp-content\/uploads\/2025\/07\/DSC08317-768x513.jpg 768w, https:\/\/soleylingo.sk\/wp-content\/uploads\/2025\/07\/DSC08317-1536x1026.jpg 1536w, https:\/\/soleylingo.sk\/wp-content\/uploads\/2025\/07\/DSC08317-2048x1368.jpg 2048w, https:\/\/soleylingo.sk\/wp-content\/uploads\/2025\/07\/DSC08317-18x12.jpg 18w, https:\/\/soleylingo.sk\/wp-content\/uploads\/2025\/07\/DSC08317-600x401.jpg 600w\" sizes=\"(max-width: 301px) 100vw, 301px\" \/> \u00a0<img loading=\"lazy\" decoding=\"async\" class=\"alignnone wp-image-3721\" src=\"https:\/\/soleylingo.sk\/wp-content\/uploads\/2025\/07\/DSC08320-1024x684.jpg\" alt=\"\" width=\"303\" height=\"202\" srcset=\"https:\/\/soleylingo.sk\/wp-content\/uploads\/2025\/07\/DSC08320-1024x684.jpg 1024w, https:\/\/soleylingo.sk\/wp-content\/uploads\/2025\/07\/DSC08320-300x200.jpg 300w, https:\/\/soleylingo.sk\/wp-content\/uploads\/2025\/07\/DSC08320-768x513.jpg 768w, https:\/\/soleylingo.sk\/wp-content\/uploads\/2025\/07\/DSC08320-1536x1026.jpg 1536w, https:\/\/soleylingo.sk\/wp-content\/uploads\/2025\/07\/DSC08320-2048x1368.jpg 2048w, https:\/\/soleylingo.sk\/wp-content\/uploads\/2025\/07\/DSC08320-18x12.jpg 18w, https:\/\/soleylingo.sk\/wp-content\/uploads\/2025\/07\/DSC08320-600x401.jpg 600w\" sizes=\"(max-width: 303px) 100vw, 303px\" \/>\u00a0 <img loading=\"lazy\" decoding=\"async\" class=\"alignnone wp-image-3722\" src=\"https:\/\/soleylingo.sk\/wp-content\/uploads\/2025\/07\/DSC08319-1024x684.jpg\" alt=\"\" width=\"303\" height=\"202\" srcset=\"https:\/\/soleylingo.sk\/wp-content\/uploads\/2025\/07\/DSC08319-1024x684.jpg 1024w, https:\/\/soleylingo.sk\/wp-content\/uploads\/2025\/07\/DSC08319-300x200.jpg 300w, https:\/\/soleylingo.sk\/wp-content\/uploads\/2025\/07\/DSC08319-768x513.jpg 768w, https:\/\/soleylingo.sk\/wp-content\/uploads\/2025\/07\/DSC08319-1536x1026.jpg 1536w, https:\/\/soleylingo.sk\/wp-content\/uploads\/2025\/07\/DSC08319-2048x1368.jpg 2048w, https:\/\/soleylingo.sk\/wp-content\/uploads\/2025\/07\/DSC08319-18x12.jpg 18w, https:\/\/soleylingo.sk\/wp-content\/uploads\/2025\/07\/DSC08319-600x401.jpg 600w\" sizes=\"(max-width: 303px) 100vw, 303px\" \/><\/p>\n<p><b>A Reinebringenre val\u00f3 feljut\u00e1s - ahol minden l\u00e9p\u00e9s meg\u00e9ri a f\u00e1radts\u00e1got<\/b><\/p>\n<p>A Reinebringen k\u00e9ts\u00e9gk\u00edv\u00fcl az eg\u00e9sz Lofoten-szigetvil\u00e1g egyik legikonikusabb cs\u00facsa. B\u00e1r a mind\u00f6ssze 448 m\u00e9teres magass\u00e1g\u00e1val pap\u00edron nem t\u0171nik kiv\u00e9telesnek, a val\u00f3s\u00e1g eg\u00e9szen m\u00e1s. Meredek domborzat\u00e1val \u00e9s dr\u00e1mai partvonal\u00e1val eg\u00e9sz Norv\u00e9gia - \u00e9s tal\u00e1n Eur\u00f3pa - egyik legl\u00e9legzetel\u00e1ll\u00edt\u00f3bb kil\u00e1t\u00e1s\u00e1t ny\u00fajtja.<\/p>\n<p>A t\u00fara mind\u00f6ssze n\u00e9h\u00e1ny percre indul a fest\u0151i Reine falu k\u00f6zpontj\u00e1t\u00f3l, \u00e9s gyorsan a magasba vezet. Minden m\u00e9ternyi emelked\u00e9ssel a t\u00fcrkizk\u00e9k fjordok, szigetek \u00e9s ikonikus v\u00f6r\u00f6s h\u00e1zak l\u00e1tv\u00e1nya t\u00e1rul el\u00e9nk. A Reinebringen nem csak a m\u00e1sz\u00e1sr\u00f3l sz\u00f3l - ez egy olyan \u00e9lm\u00e9ny, amely \u00f6tv\u00f6zi a fizikai kih\u00edv\u00e1st, az egyed\u00fcl\u00e1ll\u00f3 term\u00e9szetet \u00e9s azt a nyugalmat, amelyet csak magasan a tenger felett tal\u00e1l, ahol a sz\u00e9l szesz\u00e9lyesen elf\u00fajja a felh\u0151ket.<\/p>\n<p><b>\u0160erpovsk\u00e9 l\u00e9pcs\u0151: egy \u00e9rz\u00e9kenyen meg\u00e9p\u00edtett \u00f6sv\u00e9ny<\/b><\/p>\n<p>A Reinebringen felfel\u00e9 vezet\u0151 \u00fat egyik legfigyelemrem\u00e9lt\u00f3bb jellemz\u0151je a k\u0151l\u00e9pcs\u0151, amely sokkal biztons\u00e1gosabb\u00e1 \u00e9s term\u00e9szetbar\u00e1tabb\u00e1 teszi a t\u00far\u00e1t. A l\u00e9pcs\u0151t tapasztalt nep\u00e1li serp\u00e1k \u00e9p\u00edtett\u00e9k, akik 2016 \u00e9s 2021 k\u00f6z\u00f6tt dolgoztak az \u00f6sv\u00e9nyen. A meredek \u00e9s instabil terepen fenntarthat\u00f3 hegyi \u00f6sv\u00e9nyek \u00e9p\u00edt\u00e9s\u00e9ben szerzett szak\u00e9rtelm\u00fck kulcsfontoss\u00e1g\u00fa volt.<\/p>\n<p>A l\u00e9pcs\u0151 \u00e9p\u00edt\u00e9se el\u0151tt az \u00f6sv\u00e9ny s\u00falyosan k\u00e1rosodott - a turist\u00e1k sz\u00e1ma \u00e9s az es\u0151z\u00e9sek miatt f\u00f6ldcsuszaml\u00e1sok \u00e9s gyakori balesetek t\u00f6rt\u00e9ntek. Ma m\u00e1r csaknem 2000 k\u0151b\u0151l k\u00e9sz\u00fclt l\u00e9pcs\u0151fok vezet a cs\u00facsra, \u00e9s harmonikusan illeszkedik a k\u00f6rnyez\u0151 term\u00e9szetbe. Ez nemcsak az \u00f6sv\u00e9nyt teszi el\u00e9rhet\u0151bb\u00e9 a nagyobb sz\u00e1m\u00fa l\u00e1togat\u00f3 sz\u00e1m\u00e1ra, hanem seg\u00edt meg\u00f3vni a t\u00f6r\u00e9keny alpesi \u00f6kosziszt\u00e9m\u00e1t a tov\u00e1bbi er\u00f3zi\u00f3t\u00f3l. Gy\u00f6ny\u00f6r\u0171 p\u00e9ld\u00e1ja annak, hogy a hagyom\u00e1nyos k\u00e9zm\u0171vess\u00e9g hogyan t\u00e1mogathatja a fenntarthat\u00f3 turizmust m\u00e9g ilyen t\u00e1voli ter\u00fcleteken is.<\/p>\n<p><b>Fent, ahol az \u00e9g \u00e9s a f\u00f6ld tal\u00e1lkozik<\/b><\/p>\n<p>Mi j\u00f6v\u00fcnk. Az utols\u00f3 l\u00e9pcs\u0151, egy m\u00e9ly l\u00e9legzetv\u00e9tel, \u00e9s olyan l\u00e1tv\u00e1ny t\u00e1rul el\u00e9nk, amely \u00f6r\u00f6kre bev\u00e9s\u0151dik az eml\u00e9kezetembe. A Rajna, a fjordok, az \u00f3ce\u00e1n. Minden olyan b\u00e9k\u00e9snek t\u0171nik, mintha az eg\u00e9sz vil\u00e1g meg\u00e1llt volna egy pillanatra.<\/p>\n<p>Ott \u00e1llunk egy\u00fctt - Thomas \u00e9s \u00e9n. Mosolygunk, mindketten liheg\u00fcnk, izzadunk, de boldogok vagyunk. Ez azon ritka pillanatok egyike, amikor semmit sem kell mondani. Csak egym\u00e1sra n\u00e9zni, \u00e9s tudni, hogy most, itt \u00e9s most minden \u00fagy van, ahogyan lennie kell. \u00d6r\u00f6kk\u00e9 eml\u00e9kezni fogunk erre a k\u00f6z\u00f6s pillanatra.<\/p>\n<p>Hogy mindenki, aki most ott van, ugyan\u00fagy \u00e9rz\u00e9keli a pillanatot, mint mi - a term\u00e9szet ir\u00e1nti szer\u00e9ny tisztelettel.<span class=\"Apple-converted-space\">\u00a0<\/span><\/p>\n<p><img loading=\"lazy\" decoding=\"async\" class=\"alignnone wp-image-3725\" src=\"https:\/\/soleylingo.sk\/wp-content\/uploads\/2025\/07\/DSC08347-1024x684.jpg\" alt=\"\" width=\"463\" height=\"309\" srcset=\"https:\/\/soleylingo.sk\/wp-content\/uploads\/2025\/07\/DSC08347-1024x684.jpg 1024w, https:\/\/soleylingo.sk\/wp-content\/uploads\/2025\/07\/DSC08347-300x200.jpg 300w, https:\/\/soleylingo.sk\/wp-content\/uploads\/2025\/07\/DSC08347-768x513.jpg 768w, https:\/\/soleylingo.sk\/wp-content\/uploads\/2025\/07\/DSC08347-1536x1026.jpg 1536w, https:\/\/soleylingo.sk\/wp-content\/uploads\/2025\/07\/DSC08347-2048x1368.jpg 2048w, https:\/\/soleylingo.sk\/wp-content\/uploads\/2025\/07\/DSC08347-18x12.jpg 18w, https:\/\/soleylingo.sk\/wp-content\/uploads\/2025\/07\/DSC08347-600x401.jpg 600w\" sizes=\"(max-width: 463px) 100vw, 463px\" \/> \u00a0<img loading=\"lazy\" decoding=\"async\" class=\"alignnone wp-image-3726\" src=\"https:\/\/soleylingo.sk\/wp-content\/uploads\/2025\/07\/DSC08345-1024x684.jpg\" alt=\"\" width=\"461\" height=\"308\" srcset=\"https:\/\/soleylingo.sk\/wp-content\/uploads\/2025\/07\/DSC08345-1024x684.jpg 1024w, https:\/\/soleylingo.sk\/wp-content\/uploads\/2025\/07\/DSC08345-300x200.jpg 300w, https:\/\/soleylingo.sk\/wp-content\/uploads\/2025\/07\/DSC08345-768x513.jpg 768w, https:\/\/soleylingo.sk\/wp-content\/uploads\/2025\/07\/DSC08345-1536x1026.jpg 1536w, https:\/\/soleylingo.sk\/wp-content\/uploads\/2025\/07\/DSC08345-2048x1368.jpg 2048w, https:\/\/soleylingo.sk\/wp-content\/uploads\/2025\/07\/DSC08345-18x12.jpg 18w, https:\/\/soleylingo.sk\/wp-content\/uploads\/2025\/07\/DSC08345-600x401.jpg 600w\" sizes=\"(max-width: 461px) 100vw, 461px\" \/><\/p>\n<p><b>Vissza a norv\u00e9g sz\u00e1razf\u00f6ldre komppal<\/b><\/p>\n<p>\u00c9jf\u00e9l el\u0151tt meg\u00e9rkez\u00fcnk Moskenes faluba, ahol a komp m\u00e1r v\u00e1rja, hogy visszavigyen minket a sz\u00e1razf\u00f6ldre.<\/p>\n<p>A haj\u00f3 csendesen t\u00e1volodik a partt\u00f3l, \u00e9s a Lofoten-szigetek lassan elt\u0171nnek az \u00e9jszakai k\u00f6dben, mik\u00f6zben a nap \u00e9ppen csak a horizont f\u00f6l\u00e9 emelkedik. A h\u0171v\u00f6s, szeles fed\u00e9lzeten n\u00e9zz\u00fck a hegyek elhalv\u00e1nyul\u00f3 sziluettjeit, \u00e9s egy \u00f6lel\u00e9ssel \u00e9s f\u00e1radt mosollyal b\u00facs\u00fazunk a Lofotenekt\u0151l.<\/p>\n<p><img loading=\"lazy\" decoding=\"async\" class=\"alignnone size-large wp-image-3728\" src=\"https:\/\/soleylingo.sk\/wp-content\/uploads\/2025\/07\/IMG_2066-1024x552.jpeg\" alt=\"\" width=\"1024\" height=\"552\" srcset=\"https:\/\/soleylingo.sk\/wp-content\/uploads\/2025\/07\/IMG_2066-1024x552.jpeg 1024w, https:\/\/soleylingo.sk\/wp-content\/uploads\/2025\/07\/IMG_2066-300x162.jpeg 300w, https:\/\/soleylingo.sk\/wp-content\/uploads\/2025\/07\/IMG_2066-768x414.jpeg 768w, https:\/\/soleylingo.sk\/wp-content\/uploads\/2025\/07\/IMG_2066-1536x828.jpeg 1536w, https:\/\/soleylingo.sk\/wp-content\/uploads\/2025\/07\/IMG_2066-2048x1105.jpeg 2048w, https:\/\/soleylingo.sk\/wp-content\/uploads\/2025\/07\/IMG_2066-18x10.jpeg 18w, https:\/\/soleylingo.sk\/wp-content\/uploads\/2025\/07\/IMG_2066-600x324.jpeg 600w\" sizes=\"(max-width: 1024px) 100vw, 1024px\" \/><\/p>\n<p>Lak\u00f3kocsink ism\u00e9t a norv\u00e9g utakon halad - de ez\u00fattal hazafel\u00e9.<\/p>\n<p style=\"text-align: right;\"><em><strong>Mgr. Dominika Z\u00e1horanov\u00e1<\/strong><\/em><\/p>\n<p style=\"text-align: right;\">(fot\u00f3k Dominika arch\u00edvum\u00e1b\u00f3l)<\/p>\n<p>&nbsp;<\/p>","protected":false},"excerpt":{"rendered":"<p>Lofoten, a norv\u00e9g szigetcsoport az \u00e9szaki sarkk\u00f6r\u00f6n k\u00edv\u00fcl, ami \u00fagy hangzik, mintha a vil\u00e1g v\u00e9ge lenne, val\u00f3j\u00e1ban az egyik legvar\u00e1zslatosabb utaz\u00e1si \u00e9lm\u00e9ny\u00fcnk kezdete volt. Sokan egyet\u00e9rtenek abban, hogy nemcsak Norv\u00e9gia, hanem az eg\u00e9sz vil\u00e1g legszebb szigetcsoportja. \u00c9n nagyon is hajlok erre a v\u00e9lem\u00e9nyre. A Lofoten-szigetek a dr\u00e1mai hegyvid\u00e9ki t\u00e1jr\u00f3l, a t\u00fcrkizk\u00e9k tengerr\u0151l, a hal\u00e1szfalvakr\u00f3l \u00e9s a ny\u00e1ri h\u00f3napokban az \u00e1lland\u00f3 [...]<\/p>","protected":false},"author":2,"featured_media":3685,"comment_status":"open","ping_status":"open","sticky":false,"template":"","format":"standard","meta":{"_seopress_robots_primary_cat":"none","_seopress_titles_title":"","_seopress_titles_desc":"","_seopress_robots_index":"","site-sidebar-layout":"default","site-content-layout":"","ast-site-content-layout":"default","site-content-style":"default","site-sidebar-style":"default","ast-global-header-display":"","ast-banner-title-visibility":"","ast-main-header-display":"","ast-hfb-above-header-display":"","ast-hfb-below-header-display":"","ast-hfb-mobile-header-display":"","site-post-title":"","ast-breadcrumbs-content":"","ast-featured-img":"","footer-sml-layout":"","theme-transparent-header-meta":"default","adv-header-id-meta":"","stick-header-meta":"","header-above-stick-meta":"","header-main-stick-meta":"","header-below-stick-meta":"","astra-migrate-meta-layouts":"set","ast-page-background-enabled":"default","ast-page-background-meta":{"desktop":{"background-color":"","background-image":"","background-repeat":"repeat","background-position":"center center","background-size":"auto","background-attachment":"scroll","background-type":"","background-media":"","overlay-type":"","overlay-color":"","overlay-gradient":""},"tablet":{"background-color":"","background-image":"","background-repeat":"repeat","background-position":"center center","background-size":"auto","background-attachment":"scroll","background-type":"","background-media":"","overlay-type":"","overlay-color":"","overlay-gradient":""},"mobile":{"background-color":"","background-image":"","background-repeat":"repeat","background-position":"center center","background-size":"auto","background-attachment":"scroll","background-type":"","background-media":"","overlay-type":"","overlay-color":"","overlay-gradient":""}},"ast-content-background-meta":{"desktop":{"background-color":"var(--ast-global-color-5)","background-image":"","background-repeat":"repeat","background-position":"center center","background-size":"auto","background-attachment":"scroll","background-type":"","background-media":"","overlay-type":"","overlay-color":"","overlay-gradient":""},"tablet":{"background-color":"var(--ast-global-color-5)","background-image":"","background-repeat":"repeat","background-position":"center center","background-size":"auto","background-attachment":"scroll","background-type":"","background-media":"","overlay-type":"","overlay-color":"","overlay-gradient":""},"mobile":{"background-color":"var(--ast-global-color-5)","background-image":"","background-repeat":"repeat","background-position":"center center","background-size":"auto","background-attachment":"scroll","background-type":"","background-media":"","overlay-type":"","overlay-color":"","overlay-gradient":""}},"pgc_sgb_lightbox_settings":"","footnotes":""},"categories":[26],"tags":[],"class_list":["post-3683","post","type-post","status-publish","format-standard","has-post-thumbnail","hentry","category-soley-blog"],"_links":{"self":[{"href":"https:\/\/soleylingo.sk\/hu\/wp-json\/wp\/v2\/posts\/3683","targetHints":{"allow":["GET"]}}],"collection":[{"href":"https:\/\/soleylingo.sk\/hu\/wp-json\/wp\/v2\/posts"}],"about":[{"href":"https:\/\/soleylingo.sk\/hu\/wp-json\/wp\/v2\/types\/post"}],"author":[{"embeddable":true,"href":"https:\/\/soleylingo.sk\/hu\/wp-json\/wp\/v2\/users\/2"}],"replies":[{"embeddable":true,"href":"https:\/\/soleylingo.sk\/hu\/wp-json\/wp\/v2\/comments?post=3683"}],"version-history":[{"count":22,"href":"https:\/\/soleylingo.sk\/hu\/wp-json\/wp\/v2\/posts\/3683\/revisions"}],"predecessor-version":[{"id":3814,"href":"https:\/\/soleylingo.sk\/hu\/wp-json\/wp\/v2\/posts\/3683\/revisions\/3814"}],"wp:featuredmedia":[{"embeddable":true,"href":"https:\/\/soleylingo.sk\/hu\/wp-json\/wp\/v2\/media\/3685"}],"wp:attachment":[{"href":"https:\/\/soleylingo.sk\/hu\/wp-json\/wp\/v2\/media?parent=3683"}],"wp:term":[{"taxonomy":"category","embeddable":true,"href":"https:\/\/soleylingo.sk\/hu\/wp-json\/wp\/v2\/categories?post=3683"},{"taxonomy":"post_tag","embeddable":true,"href":"https:\/\/soleylingo.sk\/hu\/wp-json\/wp\/v2\/tags?post=3683"}],"curies":[{"name":"wp","href":"https:\/\/api.w.org\/{rel}","templated":true}]}}