{"id":3627,"date":"2025-07-17T19:30:10","date_gmt":"2025-07-17T17:30:10","guid":{"rendered":"https:\/\/soleylingo.sk\/?p=3627"},"modified":"2025-08-03T15:27:09","modified_gmt":"2025-08-03T13:27:09","slug":"karavanom-za-polarnym-kruhom-cast-1","status":"publish","type":"post","link":"https:\/\/soleylingo.sk\/hu\/karavanom-za-polarnym-kruhom-cast-1\/","title":{"rendered":"Karav\u00e1n a sarkk\u00f6rh\u00f6z, 1. r\u00e9sz"},"content":{"rendered":"<p>Van valami var\u00e1zslatos az \u00e9szakon. Valami, amit nem lehet le\u00edrni - csak \u00e9rezni. H\u0171v\u00f6s, k\u00f6dbe burkol\u00f3z\u00f3 reggelek, v\u00e9gtelen erd\u0151k, amelyek a m\u00falt t\u00f6rt\u00e9neteir\u0151l suttognak, \u00e9s m\u00e9lys\u00e9ges csend. Skandin\u00e1via m\u00e1r r\u00e9g\u00f3ta h\u00edvogat. Mint egy csendes, t\u00fcrelmes \u00e1lom, amely csak a maga idej\u00e9re v\u00e1r. \u00c9s v\u00e9gre elj\u00f6tt - \u00e9vekig tart\u00f3 v\u00e1gyakoz\u00e1s, tervez\u00e9s \u00e9s halogat\u00e1s ut\u00e1n.<br \/>\nA sarkk\u00f6r\u00f6n t\u00fali utaz\u00e1s nem csak kilom\u00e9terekr\u0151l \u00e9s a t\u00e9rk\u00e9pen szerepl\u0151 helyekr\u0151l sz\u00f3lt. Ez egy zar\u00e1ndoklat volt a szabads\u00e1g, a b\u00e9ke \u00e9s az egyszer\u0171s\u00e9ghez val\u00f3 visszat\u00e9r\u00e9s fel\u00e9. Visszat\u00e9r\u00e9s \u00f6nmagunkhoz.<\/p>\n<p><img fetchpriority=\"high\" decoding=\"async\" class=\"alignnone wp-image-3631\" src=\"https:\/\/soleylingo.sk\/wp-content\/uploads\/2025\/07\/DSC08130-scaled.jpg\" alt=\"\" width=\"1123\" height=\"254\" srcset=\"https:\/\/soleylingo.sk\/wp-content\/uploads\/2025\/07\/DSC08130-scaled.jpg 2560w, https:\/\/soleylingo.sk\/wp-content\/uploads\/2025\/07\/DSC08130-300x68.jpg 300w, https:\/\/soleylingo.sk\/wp-content\/uploads\/2025\/07\/DSC08130-1024x232.jpg 1024w, https:\/\/soleylingo.sk\/wp-content\/uploads\/2025\/07\/DSC08130-768x174.jpg 768w, https:\/\/soleylingo.sk\/wp-content\/uploads\/2025\/07\/DSC08130-1536x348.jpg 1536w, https:\/\/soleylingo.sk\/wp-content\/uploads\/2025\/07\/DSC08130-2048x464.jpg 2048w, https:\/\/soleylingo.sk\/wp-content\/uploads\/2025\/07\/DSC08130-18x4.jpg 18w, https:\/\/soleylingo.sk\/wp-content\/uploads\/2025\/07\/DSC08130-600x136.jpg 600w\" sizes=\"(max-width: 1123px) 100vw, 1123px\" \/><\/p>\n<p>Utaz\u00e1sunk 2025. j\u00falius 1-j\u00e9n kezd\u0151d\u00f6tt. A lak\u00f3kocsi lett az otthonunk, a mened\u00e9k\u00fcnk \u00e9s az ir\u00e1nyt\u0171nk. Az elk\u00f6vetkez\u0151 h\u00f3nap olyan \u00e9lm\u00e9nyek foltozata lett, amely helyenk\u00e9nt Verne Vil\u00e1gk\u00f6r\u00fcli utaz\u00e1s c\u00edm\u0171 kalandreg\u00e9ny\u00e9nek kalandjaira eml\u00e9keztetett. Megtanultunk egy olyan kis t\u00e9rben \u00e9lni, ahol mindennek megvan a helye \u00e9s \u00e9rtelme, \u00e9s semmi sem felesleges. A szabads\u00e1g, amit ez az utaz\u00e1si m\u00f3d hozott sz\u00e1munkra, szinte hihetetlen volt a mai rohan\u00f3 vil\u00e1gban. Reggelente fens\u00e9ges fjordok l\u00e1tv\u00e1nya, patakok \u00e9s z\u00fag\u00f3 v\u00edzes\u00e9sek hangja fogadott minket. Csendes, m\u00e9ly erd\u0151k \u00e9s a r\u00e9nszarvasokkal val\u00f3 \u00e9des tal\u00e1lkoz\u00e1sok v\u00e1ltak skandin\u00e1v kalandunk mindennapi h\u00e1tter\u00e9v\u00e9. Minden nap a term\u00e9szet egy \u00faj darabk\u00e1j\u00e1t, egy \u00faj csendet \u00e9s a csod\u00e1lkoz\u00e1s \u00faj \u00e9rz\u00e9s\u00e9t hozta.<\/p>\n<p><img decoding=\"async\" class=\"alignnone wp-image-3634\" src=\"https:\/\/soleylingo.sk\/wp-content\/uploads\/2025\/07\/DSC08111-684x1024.jpg\" alt=\"\" width=\"170\" height=\"254\" srcset=\"https:\/\/soleylingo.sk\/wp-content\/uploads\/2025\/07\/DSC08111-684x1024.jpg 684w, https:\/\/soleylingo.sk\/wp-content\/uploads\/2025\/07\/DSC08111-200x300.jpg 200w, https:\/\/soleylingo.sk\/wp-content\/uploads\/2025\/07\/DSC08111-768x1150.jpg 768w, https:\/\/soleylingo.sk\/wp-content\/uploads\/2025\/07\/DSC08111-1026x1536.jpg 1026w, https:\/\/soleylingo.sk\/wp-content\/uploads\/2025\/07\/DSC08111-1368x2048.jpg 1368w, https:\/\/soleylingo.sk\/wp-content\/uploads\/2025\/07\/DSC08111-8x12.jpg 8w, https:\/\/soleylingo.sk\/wp-content\/uploads\/2025\/07\/DSC08111-600x898.jpg 600w, https:\/\/soleylingo.sk\/wp-content\/uploads\/2025\/07\/DSC08111-scaled.jpg 1710w\" sizes=\"(max-width: 170px) 100vw, 170px\" \/>\u00a0 <img decoding=\"async\" class=\"alignnone wp-image-3635\" src=\"https:\/\/soleylingo.sk\/wp-content\/uploads\/2025\/07\/DSC08104-1024x684.jpg\" alt=\"\" width=\"380\" height=\"254\" srcset=\"https:\/\/soleylingo.sk\/wp-content\/uploads\/2025\/07\/DSC08104-1024x684.jpg 1024w, https:\/\/soleylingo.sk\/wp-content\/uploads\/2025\/07\/DSC08104-300x200.jpg 300w, https:\/\/soleylingo.sk\/wp-content\/uploads\/2025\/07\/DSC08104-768x513.jpg 768w, https:\/\/soleylingo.sk\/wp-content\/uploads\/2025\/07\/DSC08104-1536x1026.jpg 1536w, https:\/\/soleylingo.sk\/wp-content\/uploads\/2025\/07\/DSC08104-2048x1368.jpg 2048w, https:\/\/soleylingo.sk\/wp-content\/uploads\/2025\/07\/DSC08104-18x12.jpg 18w, https:\/\/soleylingo.sk\/wp-content\/uploads\/2025\/07\/DSC08104-600x401.jpg 600w\" sizes=\"(max-width: 380px) 100vw, 380px\" \/>\u00a0 <img loading=\"lazy\" decoding=\"async\" class=\"alignnone wp-image-3636\" src=\"https:\/\/soleylingo.sk\/wp-content\/uploads\/2025\/07\/DSC08145-1024x684.jpg\" alt=\"\" width=\"380\" height=\"254\" srcset=\"https:\/\/soleylingo.sk\/wp-content\/uploads\/2025\/07\/DSC08145-1024x684.jpg 1024w, https:\/\/soleylingo.sk\/wp-content\/uploads\/2025\/07\/DSC08145-300x200.jpg 300w, https:\/\/soleylingo.sk\/wp-content\/uploads\/2025\/07\/DSC08145-768x513.jpg 768w, https:\/\/soleylingo.sk\/wp-content\/uploads\/2025\/07\/DSC08145-1536x1026.jpg 1536w, https:\/\/soleylingo.sk\/wp-content\/uploads\/2025\/07\/DSC08145-2048x1368.jpg 2048w, https:\/\/soleylingo.sk\/wp-content\/uploads\/2025\/07\/DSC08145-18x12.jpg 18w, https:\/\/soleylingo.sk\/wp-content\/uploads\/2025\/07\/DSC08145-600x401.jpg 600w\" sizes=\"(max-width: 380px) 100vw, 380px\" \/><\/p>\n<p>\u00c9szakra vezet\u0151 utunk nem Skandin\u00e1vi\u00e1ban kezd\u0151d\u00f6tt. El\u0151sz\u00f6r a balti orsz\u00e1gokon haladtunk \u00e1t, amelyek t\u00e1rt karokkal fogadtak minket. <b>Litv\u00e1nia<\/b> b\u00e9k\u00e9s \u00e9s z\u00f6ld volt, v\u00e9gtelen mez\u0151kkel \u00e9s feny\u0151erd\u0151kkel, ahol mintha meg\u00e1llt volna az id\u0151. Kora este egy kis t\u00f3 mellett \u00e1lltunk, amely felett finom k\u00f6d lebegett. A leveg\u0151nek olyan illata volt, mint a gyermekkori nyaraknak. <b>Lettorsz\u00e1g<\/b> z\u00f6ld alag\u00fatk\u00e9nt kanyarg\u00f3 erdei utakkal lepett meg minket. <b>\u00c9sztorsz\u00e1g<\/b> kapu volt, \u00e9s a sz\u00e9l egyfajta \u00e9szaki el\u0151h\u00edrn\u00f6k. A sz\u00e9l olyan er\u0151sen f\u00fajt, hogy saj\u00e1t ritmusa volt. Volt benne valami nyers \u00e9s tiszt\u00edt\u00f3. Mintha eml\u00e9keztetni akart volna minket arra, hogy \u00e9szakabbra minden az \u0151 szab\u00e1lyai szerint fog menni. A hull\u00e1mok megt\u00f6rtek a Balti-tenger felsz\u00edn\u00e9n, visszat\u00fckr\u00f6zt\u00e9k a sz\u00fcrke eget, \u00e9s tudtuk, hogy n\u00e9h\u00e1ny \u00f3ra m\u00falva egy m\u00e1sik vil\u00e1gban l\u00e9p\u00fcnk le a Helsinkibe tart\u00f3 kompr\u00f3l.<\/p>\n<p>K\u00f6r\u00fcl\u00f6tt\u00fcnk minden\u00fctt erd\u0151k voltak. A finn utak hossz\u00faak \u00e9s egyenesek voltak, feny\u0151- \u00e9s ny\u00edrf\u00e1kkal k\u00f6r\u00fclv\u00e9ve. N\u00e9ha-n\u00e9ha egy-egy t\u00f3 t\u0171nt fel a f\u00e1k k\u00f6z\u00f6tt - nyugodt \u00e9s tiszta. Lak\u00f3kocsink nagyon gyorsan alkalmazkodott az \u00e9szaki ritmushoz.<\/p>\n<p><img loading=\"lazy\" decoding=\"async\" class=\"alignnone wp-image-3640\" src=\"https:\/\/soleylingo.sk\/wp-content\/uploads\/2025\/07\/IMG_1382-768x1024.jpeg\" alt=\"\" width=\"245\" height=\"327\" srcset=\"https:\/\/soleylingo.sk\/wp-content\/uploads\/2025\/07\/IMG_1382-768x1024.jpeg 768w, https:\/\/soleylingo.sk\/wp-content\/uploads\/2025\/07\/IMG_1382-225x300.jpeg 225w, https:\/\/soleylingo.sk\/wp-content\/uploads\/2025\/07\/IMG_1382-1152x1536.jpeg 1152w, https:\/\/soleylingo.sk\/wp-content\/uploads\/2025\/07\/IMG_1382-1536x2048.jpeg 1536w, https:\/\/soleylingo.sk\/wp-content\/uploads\/2025\/07\/IMG_1382-9x12.jpeg 9w, https:\/\/soleylingo.sk\/wp-content\/uploads\/2025\/07\/IMG_1382-600x800.jpeg 600w, https:\/\/soleylingo.sk\/wp-content\/uploads\/2025\/07\/IMG_1382-scaled.jpeg 1920w\" sizes=\"(max-width: 245px) 100vw, 245px\" \/>\u00a0 <img loading=\"lazy\" decoding=\"async\" class=\"alignnone wp-image-3641\" src=\"https:\/\/soleylingo.sk\/wp-content\/uploads\/2025\/07\/IMG_1384-768x1024.jpeg\" alt=\"\" width=\"246\" height=\"328\" srcset=\"https:\/\/soleylingo.sk\/wp-content\/uploads\/2025\/07\/IMG_1384-768x1024.jpeg 768w, https:\/\/soleylingo.sk\/wp-content\/uploads\/2025\/07\/IMG_1384-225x300.jpeg 225w, https:\/\/soleylingo.sk\/wp-content\/uploads\/2025\/07\/IMG_1384-1152x1536.jpeg 1152w, https:\/\/soleylingo.sk\/wp-content\/uploads\/2025\/07\/IMG_1384-1536x2048.jpeg 1536w, https:\/\/soleylingo.sk\/wp-content\/uploads\/2025\/07\/IMG_1384-9x12.jpeg 9w, https:\/\/soleylingo.sk\/wp-content\/uploads\/2025\/07\/IMG_1384-600x800.jpeg 600w, https:\/\/soleylingo.sk\/wp-content\/uploads\/2025\/07\/IMG_1384-scaled.jpeg 1920w\" sizes=\"(max-width: 246px) 100vw, 246px\" \/> \u00a0<img loading=\"lazy\" decoding=\"async\" class=\"alignnone wp-image-3642\" src=\"https:\/\/soleylingo.sk\/wp-content\/uploads\/2025\/07\/IMG_1317-1024x768.jpeg\" alt=\"\" width=\"437\" height=\"328\" srcset=\"https:\/\/soleylingo.sk\/wp-content\/uploads\/2025\/07\/IMG_1317-1024x768.jpeg 1024w, https:\/\/soleylingo.sk\/wp-content\/uploads\/2025\/07\/IMG_1317-300x225.jpeg 300w, https:\/\/soleylingo.sk\/wp-content\/uploads\/2025\/07\/IMG_1317-768x576.jpeg 768w, https:\/\/soleylingo.sk\/wp-content\/uploads\/2025\/07\/IMG_1317-1536x1152.jpeg 1536w, https:\/\/soleylingo.sk\/wp-content\/uploads\/2025\/07\/IMG_1317-2048x1536.jpeg 2048w, https:\/\/soleylingo.sk\/wp-content\/uploads\/2025\/07\/IMG_1317-16x12.jpeg 16w, https:\/\/soleylingo.sk\/wp-content\/uploads\/2025\/07\/IMG_1317-600x450.jpeg 600w\" sizes=\"(max-width: 437px) 100vw, 437px\" \/><\/p>\n<p>Elkezdt\u00fck jobban \u00e9szrevenni az \u00e9teleket - m\u00e1sk\u00e9pp, mint otthon. Sok s\u00f6t\u00e9t keny\u00e9r, hal, bogy\u00f3s gy\u00fcm\u00f6lcs\u00f6k, k\u00fcl\u00f6nb\u00f6z\u0151 sajtok vagy sajtos kenyerek, rizses zacsk\u00f3k, h\u00fasgomb\u00f3cok vagy finom joghurtok. Egyszer\u0171en f\u0151zt\u00fcnk, de abban a k\u00f6rnyezetben minden jobban \u00edzlett.<br \/>\n<b>Rovaniemi<\/b> volt a meg\u00e1ll\u00f3nk, miel\u0151tt Lappf\u00f6ldre l\u00e9pt\u00fcnk. Az \u00e9szaki sarkk\u00f6r\u00f6n fekv\u0151 v\u00e1ros els\u0151sorban a Mikul\u00e1s otthonak\u00e9nt ismert, akivel a ny\u00e1ri h\u00f3napokban m\u00e9g tal\u00e1lkozhattunk is. Eg\u00e9sz \u00e9vben ott \u00fcl a sz\u00e9k\u00e9ben. K\u00e9zen fogva el\u0151sz\u00f6r kelt\u00fcnk \u00e1t egy\u00fctt a sarkk\u00f6r\u00f6n, felt\u00f6lt\u00f6tt\u00fck a k\u00e9szleteinket, \u00e9s tov\u00e1bbindultunk \u00e9szak fel\u00e9. Egyre kevesebb aut\u00f3 \u00e9s egyre t\u00f6bb r\u00e9nszarvas. Egyre t\u00f6bb t\u00e9r \u00e9s az \u00e9rz\u00e9s, hogy val\u00f3ban elt\u00e1volodunk a h\u00e9tk\u00f6znapi vil\u00e1gt\u00f3l.<br \/>\n<b><\/b><\/p>\n<p><img loading=\"lazy\" decoding=\"async\" class=\"alignnone wp-image-3644\" src=\"https:\/\/soleylingo.sk\/wp-content\/uploads\/2025\/07\/unnamed-file-837x1024.jpg\" alt=\"\" width=\"314\" height=\"384\" srcset=\"https:\/\/soleylingo.sk\/wp-content\/uploads\/2025\/07\/unnamed-file-837x1024.jpg 837w, https:\/\/soleylingo.sk\/wp-content\/uploads\/2025\/07\/unnamed-file-245x300.jpg 245w, https:\/\/soleylingo.sk\/wp-content\/uploads\/2025\/07\/unnamed-file-768x939.jpg 768w, https:\/\/soleylingo.sk\/wp-content\/uploads\/2025\/07\/unnamed-file-10x12.jpg 10w, https:\/\/soleylingo.sk\/wp-content\/uploads\/2025\/07\/unnamed-file-600x734.jpg 600w, https:\/\/soleylingo.sk\/wp-content\/uploads\/2025\/07\/unnamed-file.jpg 1004w\" sizes=\"(max-width: 314px) 100vw, 314px\" \/> \u00a0<img loading=\"lazy\" decoding=\"async\" class=\"alignnone wp-image-3645\" src=\"https:\/\/soleylingo.sk\/wp-content\/uploads\/2025\/07\/IMG_1372-768x1024.jpeg\" alt=\"\" width=\"289\" height=\"385\" srcset=\"https:\/\/soleylingo.sk\/wp-content\/uploads\/2025\/07\/IMG_1372-768x1024.jpeg 768w, https:\/\/soleylingo.sk\/wp-content\/uploads\/2025\/07\/IMG_1372-225x300.jpeg 225w, https:\/\/soleylingo.sk\/wp-content\/uploads\/2025\/07\/IMG_1372-1152x1536.jpeg 1152w, https:\/\/soleylingo.sk\/wp-content\/uploads\/2025\/07\/IMG_1372-1536x2048.jpeg 1536w, https:\/\/soleylingo.sk\/wp-content\/uploads\/2025\/07\/IMG_1372-9x12.jpeg 9w, https:\/\/soleylingo.sk\/wp-content\/uploads\/2025\/07\/IMG_1372-600x800.jpeg 600w, https:\/\/soleylingo.sk\/wp-content\/uploads\/2025\/07\/IMG_1372-scaled.jpeg 1920w\" sizes=\"(max-width: 289px) 100vw, 289px\" \/> \u00a0<img loading=\"lazy\" decoding=\"async\" class=\"alignnone wp-image-3646\" src=\"https:\/\/soleylingo.sk\/wp-content\/uploads\/2025\/07\/IMG_1328-768x1024.jpeg\" alt=\"\" width=\"287\" height=\"382\" srcset=\"https:\/\/soleylingo.sk\/wp-content\/uploads\/2025\/07\/IMG_1328-768x1024.jpeg 768w, https:\/\/soleylingo.sk\/wp-content\/uploads\/2025\/07\/IMG_1328-225x300.jpeg 225w, https:\/\/soleylingo.sk\/wp-content\/uploads\/2025\/07\/IMG_1328-1152x1536.jpeg 1152w, https:\/\/soleylingo.sk\/wp-content\/uploads\/2025\/07\/IMG_1328-1536x2048.jpeg 1536w, https:\/\/soleylingo.sk\/wp-content\/uploads\/2025\/07\/IMG_1328-9x12.jpeg 9w, https:\/\/soleylingo.sk\/wp-content\/uploads\/2025\/07\/IMG_1328-600x800.jpeg 600w, https:\/\/soleylingo.sk\/wp-content\/uploads\/2025\/07\/IMG_1328-scaled.jpeg 1920w\" sizes=\"(max-width: 287px) 100vw, 287px\" \/><\/p>\n<p><b>Lappf\u00f6ld<\/b> meglepett minket nyers egyszer\u0171s\u00e9g\u00e9vel - nincs sok hely, de \u00e9ppen ez\u00e9rt \u00fagy \u00e9rzi az ember, mintha az eg\u00e9sz orsz\u00e1g a mag\u00e1\u00e9 lenne.<br \/>\nA k\u00f6vetkez\u0151 \u00e1llom\u00e1s a nemzeti park volt <b>Urho Kekkonen<\/b> - az egyik legnagyobb eg\u00e9sz Finnorsz\u00e1gban. Ez egy igazi vadon. A Saariselk\u00e4 ter\u00fclet\u00e9r\u0151l indul\u00f3 t\u00fara sor\u00e1n ny\u00edlt s\u00edks\u00e1gokon, alacsony tundr\u00e1n, patakokon kelt\u00fcnk \u00e1t, \u00e9s l\u00e1ttuk, ahogy a t\u00e1j az erd\u0151b\u0151l sarkvid\u00e9ki pusztas\u00e1gg\u00e1 v\u00e1ltozik a l\u00e1bunk alatt.<br \/>\nLappf\u00f6ld\u00f6n gyorsan megtanulja, hogy a kevesebb t\u00f6bb - kevesebb zaj, kevesebb ember. T\u00f6bb hely a l\u00e9legzetv\u00e9telhez.<br \/>\nA nemzeti parkb\u00f3l \u00e9szak fel\u00e9 folytattuk utunkat, olyan ter\u00fcleteken kereszt\u00fcl, ahol a t\u00e1j m\u00e1r kezdett megv\u00e1ltozni - kevesebb fa, t\u00f6bb moha, szikla, tundra. G\u00e1tak, csendes foly\u00f3k, ritk\u00e1s telep\u00fcl\u00e9sek. K\u00f6zeledt\u00fcnk a hat\u00e1rhoz <b>Norv\u00e9g<\/b>, \u00e9s b\u00e1r az orsz\u00e1gok f\u00f6ldrajzilag \u00e1tfedik egym\u00e1st, vizu\u00e1lisan is \u00e9szrevehet\u0151 volt az \u00e1tmenet Finnorsz\u00e1gb\u00f3l Norv\u00e9gi\u00e1ba. A hat\u00e1ron t\u00fal m\u00e1r dr\u00e1maibb hegyek \u00e9s fjordok t\u0171ntek fel. Az \u00fat kanyargott, emelkedett \u00e9s s\u00fcllyedt, a sz\u00e9l feler\u0151s\u00f6d\u00f6tt, \u00e9s az id\u0151j\u00e1r\u00e1s rendk\u00edv\u00fcl gyorsan v\u00e1ltozott. Egyik percben naps\u00fct\u00e9s, a k\u00f6vetkez\u0151ben es\u0151 \u00e9s k\u00f6d. De a kil\u00e1t\u00e1s minden cseppet meg\u00e9rt.<br \/>\nM\u00e1r csak n\u00e9h\u00e1ny t\u00fcrelmetlen \u00f3ra v\u00e1laszt el benn\u00fcnket utunk leg\u00e9szakibb pontj\u00e1t\u00f3l - Nordkappt\u00f3l \u00e9s a kontinent\u00e1lis Eur\u00f3pa leg\u00e9szakibb pontj\u00e1t\u00f3l (aszfalt\u00faton megk\u00f6zel\u00edthet\u0151).<\/p>\n<p><b>Nordkapp - t\u00f6bb, mint az \u00e9szaki v\u00e9g\u00e1llom\u00e1s<\/b><br \/>\nNordkapp gyakorlatilag csak egy szirtfok - egy meredek szikla Mager\u00f8ya sziget\u00e9n, 307 m\u00e9terrel a Jeges-tenger felett. A val\u00f3s\u00e1gban azonban t\u00f6bb, mint egy f\u00f6ldrajzi pont. Ez egy eszme. Egy c\u00e9lpont, amelyet az emberek nem az\u00e9rt jel\u00f6lnek be a t\u00e9rk\u00e9pen, mert oda kell menni\u00fck, hanem mert l\u00e1tni akarj\u00e1k, milyen \u00e9rz\u00e9s lesz ott \u00e1llni.<\/p>\n<p><img loading=\"lazy\" decoding=\"async\" class=\"alignnone wp-image-3648\" src=\"https:\/\/soleylingo.sk\/wp-content\/uploads\/2025\/07\/DSC08045-1024x684.jpg\" alt=\"\" width=\"1034\" height=\"691\" srcset=\"https:\/\/soleylingo.sk\/wp-content\/uploads\/2025\/07\/DSC08045-1024x684.jpg 1024w, https:\/\/soleylingo.sk\/wp-content\/uploads\/2025\/07\/DSC08045-300x200.jpg 300w, https:\/\/soleylingo.sk\/wp-content\/uploads\/2025\/07\/DSC08045-768x513.jpg 768w, https:\/\/soleylingo.sk\/wp-content\/uploads\/2025\/07\/DSC08045-1536x1026.jpg 1536w, https:\/\/soleylingo.sk\/wp-content\/uploads\/2025\/07\/DSC08045-2048x1368.jpg 2048w, https:\/\/soleylingo.sk\/wp-content\/uploads\/2025\/07\/DSC08045-18x12.jpg 18w, https:\/\/soleylingo.sk\/wp-content\/uploads\/2025\/07\/DSC08045-600x401.jpg 600w\" sizes=\"(max-width: 1034px) 100vw, 1034px\" \/><\/p>\n<p>A helyet el\u0151sz\u00f6r Francesco Negri olasz felfedez\u0151 jegyezte fel 1664-ben. \u0150 volt az egyik els\u0151 \"turista\", aki nem kereskedelmi vagy hal\u00e1szati c\u00e9lb\u00f3l, hanem k\u00edv\u00e1ncsis\u00e1gb\u00f3l \u00e9rkezett ide. Az\u00f3ta sokan \u00e1lltak itt. II. Oszk\u00e1r kir\u00e1ly 1873-ban l\u00e1togatott ide, \u00e9s k\u00fcl\u00f6n\u00f6sen meghat\u00f3nak tal\u00e1lta ezt a pillanatot. VII. Edward angol kir\u00e1ly 1906-ban j\u00e1rt itt.<br \/>\nA 20. sz\u00e1zadban Nordkapp a modern zar\u00e1ndokok - motorosok, lak\u00f3kocsisok, ker\u00e9kp\u00e1rosok \u00e9s m\u00e9g azok is, akik Gibralt\u00e1rb\u00f3l gyalog j\u00f6nnek ide. Nordkappon lenni azt jelenti, hogy \u00e1tkelt\u00e9l egy kontinensen - \u00e9s ez hatalmas dolog, f\u00fcggetlen\u00fcl att\u00f3l, hogy honnan indult\u00e1l.<\/p>\n<p><img loading=\"lazy\" decoding=\"async\" class=\"alignnone wp-image-3650\" src=\"https:\/\/soleylingo.sk\/wp-content\/uploads\/2025\/07\/DSC08043-684x1024.jpg\" alt=\"\" width=\"212\" height=\"317\" srcset=\"https:\/\/soleylingo.sk\/wp-content\/uploads\/2025\/07\/DSC08043-684x1024.jpg 684w, https:\/\/soleylingo.sk\/wp-content\/uploads\/2025\/07\/DSC08043-200x300.jpg 200w, https:\/\/soleylingo.sk\/wp-content\/uploads\/2025\/07\/DSC08043-768x1150.jpg 768w, https:\/\/soleylingo.sk\/wp-content\/uploads\/2025\/07\/DSC08043-1026x1536.jpg 1026w, https:\/\/soleylingo.sk\/wp-content\/uploads\/2025\/07\/DSC08043-1368x2048.jpg 1368w, https:\/\/soleylingo.sk\/wp-content\/uploads\/2025\/07\/DSC08043-8x12.jpg 8w, https:\/\/soleylingo.sk\/wp-content\/uploads\/2025\/07\/DSC08043-600x898.jpg 600w, https:\/\/soleylingo.sk\/wp-content\/uploads\/2025\/07\/DSC08043-scaled.jpg 1710w\" sizes=\"(max-width: 212px) 100vw, 212px\" \/>\u00a0 <img loading=\"lazy\" decoding=\"async\" class=\"alignnone wp-image-3651\" src=\"https:\/\/soleylingo.sk\/wp-content\/uploads\/2025\/07\/IMG_1480-744x1024.jpeg\" alt=\"\" width=\"231\" height=\"318\" srcset=\"https:\/\/soleylingo.sk\/wp-content\/uploads\/2025\/07\/IMG_1480-744x1024.jpeg 744w, https:\/\/soleylingo.sk\/wp-content\/uploads\/2025\/07\/IMG_1480-218x300.jpeg 218w, https:\/\/soleylingo.sk\/wp-content\/uploads\/2025\/07\/IMG_1480-768x1057.jpeg 768w, https:\/\/soleylingo.sk\/wp-content\/uploads\/2025\/07\/IMG_1480-1116x1536.jpeg 1116w, https:\/\/soleylingo.sk\/wp-content\/uploads\/2025\/07\/IMG_1480-1487x2048.jpeg 1487w, https:\/\/soleylingo.sk\/wp-content\/uploads\/2025\/07\/IMG_1480-9x12.jpeg 9w, https:\/\/soleylingo.sk\/wp-content\/uploads\/2025\/07\/IMG_1480-600x826.jpeg 600w, https:\/\/soleylingo.sk\/wp-content\/uploads\/2025\/07\/IMG_1480-scaled.jpeg 1859w\" sizes=\"(max-width: 231px) 100vw, 231px\" \/> \u00a0<img loading=\"lazy\" decoding=\"async\" class=\"alignnone wp-image-3652\" src=\"https:\/\/soleylingo.sk\/wp-content\/uploads\/2025\/07\/DSC08050-1024x684.jpg\" alt=\"\" width=\"474\" height=\"317\" srcset=\"https:\/\/soleylingo.sk\/wp-content\/uploads\/2025\/07\/DSC08050-1024x684.jpg 1024w, https:\/\/soleylingo.sk\/wp-content\/uploads\/2025\/07\/DSC08050-300x200.jpg 300w, https:\/\/soleylingo.sk\/wp-content\/uploads\/2025\/07\/DSC08050-768x513.jpg 768w, https:\/\/soleylingo.sk\/wp-content\/uploads\/2025\/07\/DSC08050-1536x1026.jpg 1536w, https:\/\/soleylingo.sk\/wp-content\/uploads\/2025\/07\/DSC08050-2048x1368.jpg 2048w, https:\/\/soleylingo.sk\/wp-content\/uploads\/2025\/07\/DSC08050-18x12.jpg 18w, https:\/\/soleylingo.sk\/wp-content\/uploads\/2025\/07\/DSC08050-600x401.jpg 600w\" sizes=\"(max-width: 474px) 100vw, 474px\" \/><\/p>\n<p>Karav\u00e1nunk a hideg sz\u00e9lben, szikl\u00e1k, tundra \u00e9s alacsony felh\u0151k k\u00f6z\u00f6tt kapaszkodott fel az utols\u00f3 kanyarokon. Hirtelen egy nagy parkol\u00f3 t\u0171nt fel el\u0151tt\u00fcnk, m\u00f6g\u00f6tte pedig az ikonikus ac\u00e9lg\u00f6mb, amelyet tal\u00e1n mindenki ismer, aki az \u00c9szaki-fokr\u00f3l keres inform\u00e1ci\u00f3t. Ahogy alatta \u00e1lltunk, \u00e9s a viharos tengerre n\u00e9zt\u00fcnk, azon t\u0171n\u0151dt\u00fcnk, vajon h\u00e1nyan \u00e1lltak el\u0151tt\u00fcnk, akik v\u00e1laszokat kerestek, vagy legal\u00e1bb egy pillanatnyi csendet. \u00c9s ugyanazt tal\u00e1lt\u00e1k, amit mi - a t\u00e9r erej\u00e9t \u00e9s a sz\u00e9l k\u00fcl\u00f6n\u00f6s s\u00faly\u00e1t, amely itt lent soha nem csillapodik.<\/p>\n<p><b>A F\u00f6ld gyermekei - egy szobor, amit nem szabad kihagyni a Nordkappban<\/b><br \/>\nA f\u0151 szikl\u00e1t\u00f3l n\u00e9h\u00e1ny t\u00edz m\u00e9terre, a turist\u00e1k f\u0151 \u00e1ramlat\u00e1t\u00f3l t\u00e1volabb tal\u00e1lhat\u00f3 egy csendes, kev\u00e9sb\u00e9 felt\u0171n\u0151, de nagyon k\u00fcl\u00f6nleges hely: a F\u00f6ld gyermekeinek eml\u00e9km\u0171ve (Barn av Jorden \/ Children of the Earth). H\u00e9t bronzkarik\u00e1b\u00f3l \u00e1ll, amelyek egy k\u0151k\u00f6rben fekszenek a f\u00f6ld\u00f6n - mindegyik\u00fck\u00f6n egy-egy domborm\u0171 egyedi m\u0171v\u00e9szi mot\u00edvummal. K\u00f6z\u00e9pen egy n\u0151t \u00e9s egy gyermeket \u00e1br\u00e1zol\u00f3 szobor \u00e1ll, amely a b\u00e9ke \u00e9s az embers\u00e9g csendes szimb\u00f3lum\u00e1t hozza a t\u00e9rbe.<br \/>\n1989-ben a Nordkapp hat gyermeket k\u00e9rt fel a vil\u00e1g k\u00fcl\u00f6nb\u00f6z\u0151 r\u00e9szeir\u0151l, hogy egy norv\u00e9g gyermekkel egy\u00fctt dolgozzanak egy olyan m\u0171 l\u00e9trehoz\u00e1s\u00e1n, amelynek \u00fczenete a b\u00e9ke, az egys\u00e9g \u00e9s az \u00f6sszetartoz\u00e1s. Mindegyik gyermek megtervezte a saj\u00e1t szimb\u00f3lum\u00e1t egy bronzk\u00f6rben. Ezeket a m\u0171veket itt, Eur\u00f3pa leg\u00e9szakibb pontj\u00e1n \u00f6nt\u00f6tt\u00e9k ki \u00e9s helyezt\u00e9k v\u00e9glegesen a f\u00f6ldbe.<br \/>\nMunk\u00e1jukat Eva Rybakken norv\u00e9g m\u0171v\u00e9sz fel\u00fcgyelte, aki az \"Anya \u00e9s gyermek\" c\u00edm\u0171, egy n\u0151t \u00e9s egy gyermeket \u00e1br\u00e1zol\u00f3 k\u00f6zponti szobrot is k\u00e9sz\u00edtette. A n\u0151 a k\u00f6r k\u00f6zep\u00e9n \u00e1ll, mint a fiatal m\u0171v\u00e9szek \u00fczenet\u00e9nek n\u00e9ma tan\u00faja \u00e9s v\u00e9delmez\u0151je.<br \/>\nA hely, ahol az \u00f3ce\u00e1n tal\u00e1lkozik a kontinenssel, \u00e9s ahol az utaz\u00e1s v\u00e9get \u00e9r, hirtelen \u00faj dimenzi\u00f3t kap: nem v\u00e9get, hanem kapcsolatot. H\u00e9t k\u00fcl\u00f6nb\u00f6z\u0151 orsz\u00e1gb\u00f3l (t\u00f6bbek k\u00f6z\u00f6tt Jap\u00e1nb\u00f3l, Tanz\u00e1ni\u00e1b\u00f3l, Braz\u00edli\u00e1b\u00f3l vagy Oroszorsz\u00e1gb\u00f3l) sz\u00e1rmaz\u00f3 gyerekek k\u00f6z\u00f6sen k\u00e9sz\u00edtettek egy olyan alkot\u00e1st, amely arra eml\u00e9keztet benn\u00fcnket, hogy m\u00e9g a legt\u00e1volabbi helyeken is megtal\u00e1lhat\u00f3k az \u00f6sszetartoz\u00e1s eszm\u00e9i.<\/p>\n<p><img loading=\"lazy\" decoding=\"async\" class=\"alignnone wp-image-3658\" src=\"https:\/\/soleylingo.sk\/wp-content\/uploads\/2025\/07\/DSC08056-692x1024.jpg\" alt=\"\" width=\"225\" height=\"333\" srcset=\"https:\/\/soleylingo.sk\/wp-content\/uploads\/2025\/07\/DSC08056-692x1024.jpg 692w, https:\/\/soleylingo.sk\/wp-content\/uploads\/2025\/07\/DSC08056-203x300.jpg 203w, https:\/\/soleylingo.sk\/wp-content\/uploads\/2025\/07\/DSC08056-768x1136.jpg 768w, https:\/\/soleylingo.sk\/wp-content\/uploads\/2025\/07\/DSC08056-1039x1536.jpg 1039w, https:\/\/soleylingo.sk\/wp-content\/uploads\/2025\/07\/DSC08056-1385x2048.jpg 1385w, https:\/\/soleylingo.sk\/wp-content\/uploads\/2025\/07\/DSC08056-8x12.jpg 8w, https:\/\/soleylingo.sk\/wp-content\/uploads\/2025\/07\/DSC08056-600x887.jpg 600w, https:\/\/soleylingo.sk\/wp-content\/uploads\/2025\/07\/DSC08056-scaled.jpg 1731w\" sizes=\"(max-width: 225px) 100vw, 225px\" \/>\u00a0 <img loading=\"lazy\" decoding=\"async\" class=\"alignnone wp-image-3659\" src=\"https:\/\/soleylingo.sk\/wp-content\/uploads\/2025\/07\/IMG_1497-1024x487.jpeg\" alt=\"\" width=\"705\" height=\"335\" srcset=\"https:\/\/soleylingo.sk\/wp-content\/uploads\/2025\/07\/IMG_1497-1024x487.jpeg 1024w, https:\/\/soleylingo.sk\/wp-content\/uploads\/2025\/07\/IMG_1497-300x143.jpeg 300w, https:\/\/soleylingo.sk\/wp-content\/uploads\/2025\/07\/IMG_1497-768x365.jpeg 768w, https:\/\/soleylingo.sk\/wp-content\/uploads\/2025\/07\/IMG_1497-1536x731.jpeg 1536w, https:\/\/soleylingo.sk\/wp-content\/uploads\/2025\/07\/IMG_1497-2048x974.jpeg 2048w, https:\/\/soleylingo.sk\/wp-content\/uploads\/2025\/07\/IMG_1497-18x9.jpeg 18w, https:\/\/soleylingo.sk\/wp-content\/uploads\/2025\/07\/IMG_1497-600x285.jpeg 600w\" sizes=\"(max-width: 705px) 100vw, 705px\" \/><\/p>\n<p>A k\u00f6zeli l\u00e1togat\u00f3k\u00f6zpontban a helysz\u00edn t\u00f6rt\u00e9net\u00e9t bemutat\u00f3 ki\u00e1ll\u00edt\u00e1s tekinthet\u0151 meg. Itt napl\u00f3kat, t\u00e9rk\u00e9peket, korabeli f\u00e9nyk\u00e9peket \u00e9s n\u00e9h\u00e1ny meghat\u00f3 \u00fczenetet tal\u00e1lhat azokt\u00f3l az emberekt\u0151l, akik a vil\u00e1g minden t\u00e1j\u00e1r\u00f3l \u00e9rkeztek ide - ker\u00e9kp\u00e1rral, gyalog vagy stoppal. Egyesek egy utaz\u00e1s v\u00e9g\u00e9nek, m\u00e1sok egy \u00faj utaz\u00e1s kezdet\u00e9nek nevezik.<br \/>\nMostant\u00f3l vissza fogunk menni - de nem ugyan\u00fagy. Folytatjuk utunkat a l\u00e9legzetel\u00e1ll\u00edt\u00f3 norv\u00e9g Lofoten-szigetek fel\u00e9. De ez m\u00e1r egy m\u00e1sik t\u00f6rt\u00e9net.<\/p>\n<p style=\"text-align: right;\"><em><strong>Mgr. Dominika Z\u00e1horanov\u00e1<\/strong><\/em><\/p>\n<p style=\"text-align: right;\">(fot\u00f3k Dominika arch\u00edvum\u00e1b\u00f3l)<\/p>","protected":false},"excerpt":{"rendered":"<p>Van valami var\u00e1zslatos az \u00e9szakon. Valami, amit nem lehet le\u00edrni - csak \u00e9rezni. H\u0171v\u00f6s, k\u00f6dbe burkol\u00f3z\u00f3 reggelek, v\u00e9gtelen erd\u0151k, amelyek a m\u00falt t\u00f6rt\u00e9neteir\u0151l suttognak, \u00e9s m\u00e9lys\u00e9ges csend. Skandin\u00e1via m\u00e1r r\u00e9g\u00f3ta h\u00edvogat. Mint egy csendes, t\u00fcrelmes \u00e1lom, amely csak a maga idej\u00e9re v\u00e1r. \u00c9s v\u00e9gre elj\u00f6tt - \u00e9vekig tart\u00f3 v\u00e1gyakoz\u00e1s, tervez\u00e9s \u00e9s halogat\u00e1s ut\u00e1n. [...]<\/p>","protected":false},"author":2,"featured_media":3630,"comment_status":"open","ping_status":"open","sticky":true,"template":"","format":"standard","meta":{"_seopress_robots_primary_cat":"none","_seopress_titles_title":"","_seopress_titles_desc":"","_seopress_robots_index":"","site-sidebar-layout":"default","site-content-layout":"","ast-site-content-layout":"default","site-content-style":"default","site-sidebar-style":"default","ast-global-header-display":"","ast-banner-title-visibility":"","ast-main-header-display":"","ast-hfb-above-header-display":"","ast-hfb-below-header-display":"","ast-hfb-mobile-header-display":"","site-post-title":"","ast-breadcrumbs-content":"","ast-featured-img":"","footer-sml-layout":"","theme-transparent-header-meta":"default","adv-header-id-meta":"","stick-header-meta":"","header-above-stick-meta":"","header-main-stick-meta":"","header-below-stick-meta":"","astra-migrate-meta-layouts":"set","ast-page-background-enabled":"default","ast-page-background-meta":{"desktop":{"background-color":"","background-image":"","background-repeat":"repeat","background-position":"center center","background-size":"auto","background-attachment":"scroll","background-type":"","background-media":"","overlay-type":"","overlay-color":"","overlay-gradient":""},"tablet":{"background-color":"","background-image":"","background-repeat":"repeat","background-position":"center center","background-size":"auto","background-attachment":"scroll","background-type":"","background-media":"","overlay-type":"","overlay-color":"","overlay-gradient":""},"mobile":{"background-color":"","background-image":"","background-repeat":"repeat","background-position":"center center","background-size":"auto","background-attachment":"scroll","background-type":"","background-media":"","overlay-type":"","overlay-color":"","overlay-gradient":""}},"ast-content-background-meta":{"desktop":{"background-color":"var(--ast-global-color-5)","background-image":"","background-repeat":"repeat","background-position":"center center","background-size":"auto","background-attachment":"scroll","background-type":"","background-media":"","overlay-type":"","overlay-color":"","overlay-gradient":""},"tablet":{"background-color":"var(--ast-global-color-5)","background-image":"","background-repeat":"repeat","background-position":"center center","background-size":"auto","background-attachment":"scroll","background-type":"","background-media":"","overlay-type":"","overlay-color":"","overlay-gradient":""},"mobile":{"background-color":"var(--ast-global-color-5)","background-image":"","background-repeat":"repeat","background-position":"center center","background-size":"auto","background-attachment":"scroll","background-type":"","background-media":"","overlay-type":"","overlay-color":"","overlay-gradient":""}},"pgc_sgb_lightbox_settings":"","footnotes":""},"categories":[26],"tags":[],"class_list":["post-3627","post","type-post","status-publish","format-standard","has-post-thumbnail","hentry","category-soley-blog"],"_links":{"self":[{"href":"https:\/\/soleylingo.sk\/hu\/wp-json\/wp\/v2\/posts\/3627","targetHints":{"allow":["GET"]}}],"collection":[{"href":"https:\/\/soleylingo.sk\/hu\/wp-json\/wp\/v2\/posts"}],"about":[{"href":"https:\/\/soleylingo.sk\/hu\/wp-json\/wp\/v2\/types\/post"}],"author":[{"embeddable":true,"href":"https:\/\/soleylingo.sk\/hu\/wp-json\/wp\/v2\/users\/2"}],"replies":[{"embeddable":true,"href":"https:\/\/soleylingo.sk\/hu\/wp-json\/wp\/v2\/comments?post=3627"}],"version-history":[{"count":36,"href":"https:\/\/soleylingo.sk\/hu\/wp-json\/wp\/v2\/posts\/3627\/revisions"}],"predecessor-version":[{"id":3813,"href":"https:\/\/soleylingo.sk\/hu\/wp-json\/wp\/v2\/posts\/3627\/revisions\/3813"}],"wp:featuredmedia":[{"embeddable":true,"href":"https:\/\/soleylingo.sk\/hu\/wp-json\/wp\/v2\/media\/3630"}],"wp:attachment":[{"href":"https:\/\/soleylingo.sk\/hu\/wp-json\/wp\/v2\/media?parent=3627"}],"wp:term":[{"taxonomy":"category","embeddable":true,"href":"https:\/\/soleylingo.sk\/hu\/wp-json\/wp\/v2\/categories?post=3627"},{"taxonomy":"post_tag","embeddable":true,"href":"https:\/\/soleylingo.sk\/hu\/wp-json\/wp\/v2\/tags?post=3627"}],"curies":[{"name":"wp","href":"https:\/\/api.w.org\/{rel}","templated":true}]}}