{"id":2883,"date":"2025-01-22T12:31:45","date_gmt":"2025-01-22T11:31:45","guid":{"rendered":"https:\/\/soleylingo.sk\/?p=2883"},"modified":"2025-01-22T19:06:55","modified_gmt":"2025-01-22T18:06:55","slug":"viet-nam-dva-svety-v-jednej-krajine","status":"publish","type":"post","link":"https:\/\/soleylingo.sk\/hu\/viet-nam-dva-svety-v-jednej-krajine\/","title":{"rendered":"Vietnam - k\u00e9t vil\u00e1g egy orsz\u00e1gban"},"content":{"rendered":"<p><span style=\"color: #333333;\"><b>Ez a kapitalizmus t\u00f6rt\u00e9nete egy olyan orsz\u00e1gban, amely pap\u00edron kommunista marad.<br \/>\nEgy olyan orsz\u00e1g t\u00f6rt\u00e9nete, amelynek arc\u00e1t m\u00e9g mindig egy val\u00f3di h\u00e1bor\u00fa hat\u00e1rozza meg, egy olyan orsz\u00e1g\u00e9, amely a h\u00e1bor\u00fas eml\u00e9kek m\u00fazeuma, \u00e9s amelyhez mindig is \"Ho b\u00e1csi\" fog kapcsol\u00f3dni.<\/b><\/span><\/p>\n<p><span style=\"color: #333333;\"><b>Egy olyan f\u00f6ld t\u00f6rt\u00e9nete, ahol tiszt\u00e1n hallhat\u00f3 az \u0151si term\u00e9szet tiszta hangja, a kem\u00e9ny munka \u00e9rz\u00e9se, \u00e9s ahol minden emberi \u00e9rz\u00e9k az \u00fcnnepet \u00fcnnepli.<span class=\"Apple-converted-space\">\u00a0<\/span><\/b><\/span><\/p>\n<p><span style=\"color: #333333;\"><b>Egy t\u00f6rt\u00e9net, amely a mai Vietnam \u00f6sszes paradoxonj\u00e1t bemutatja: az \u0151si t\u00f6rt\u00e9nelmet, a gyarmati m\u00faltat, a kommunista rendszert \u00e9s a fogyaszt\u00f3i t\u00e1rsadalmat.<\/b><\/span><\/p>\n<p><span style=\"color: #333333;\"><b>T\u00f6bb milli\u00f3 kisember t\u00f6rt\u00e9nete, akiknek b\u00e9k\u00e9s bels\u0151 f\u00f3ruma a harag minden jele n\u00e9lk\u00fcl, k\u00fapos Ao Dai-kalapokkal a fej\u00fck\u00f6n.<\/b><\/span><\/p>\n<p><span style=\"color: #333333;\"><b>\u00c9s ami a legfontosabb, egy olyan orsz\u00e1g t\u00f6rt\u00e9nete, amely egyed\u00fcl\u00e1ll\u00f3 gy\u00fcm\u00f6lcsparadicsom, az orchide\u00e1k, a l\u00f3tuszvir\u00e1gok, a Fo-Bo levesek, a hatalmas Mekong \u00e9s a ragyog\u00f3an sz\u00e9p rizsf\u00f6ldek Mekk\u00e1ja.<\/b><\/span><\/p>\n<p><span style=\"color: #333333;\"><b>A vietnami utaz\u00e1s egy vil\u00e1gos c\u00e9l megval\u00f3s\u00edt\u00e1sa az ismeretlen hatalmas palett\u00e1j\u00e1n, er\u0151s \u00e9s tiszta gondolatok \u00fajj\u00e1\u00e9p\u00edt\u00e9se.<\/b><\/span><\/p>\n<p><span style=\"color: #333333;\">A Vietnami Szocialista K\u00f6zt\u00e1rsas\u00e1g D\u00e9lkelet-\u00c1zsi\u00e1ban, a Nyugat-indiai-f\u00e9lszigeten tal\u00e1lhat\u00f3. Szomsz\u00e9dai Kambodzsa, K\u00edna \u00e9s Laosz. F\u0151v\u00e1rosa Ha Noi. A mintegy 98 milli\u00f3 lakos\u00fa Vietnam a vil\u00e1g 15. legn\u00e9pesebb orsz\u00e1ga, \u00e9s mindig is meghat\u00e1roz\u00f3 lend\u00fcletet kapott a domin\u00e1ns K\u00edna \u00e1ltal. A vietnami kir\u00e1lys\u00e1g 1945-ben megsz\u0171nik. A jelenlegi k\u00f6zt\u00e1rsas\u00e1g 1976-ban alakult meg a k\u00f6vetkez\u0151 orsz\u00e1gok egyes\u00fcl\u00e9s\u00e9b\u0151l <a style=\"color: #333333;\" href=\"http:\/\/sk.wikipedia.org\/wiki\/Severn%25C3%25BD_Vietnam\">Vietnami Demokratikus K\u00f6zt\u00e1rsas\u00e1g<\/a> - \u00c9szak-Vietnam \u00e9s <a style=\"color: #333333;\" href=\"http:\/\/sk.wikipedia.org\/wiki\/Ju%25C5%25BEn%25C3%25BD_Vietnam\">Vietnami K\u00f6zt\u00e1rsas\u00e1g<\/a> - D\u00e9l-Vietnam. Az adminisztrat\u00edv kapcsolat ellen\u00e9re azonban a t\u00f6rt\u00e9nelem feljegyzi az \u00c9szak \u00e9s D\u00e9l k\u00f6z\u00f6tti \u00e1lland\u00f3 fesz\u00fclts\u00e9get.<span class=\"Apple-converted-space\">\u00a0<\/span><\/span><\/p>\n<p><span style=\"color: #333333;\">Vietnam a t\u00f6rt\u00e9nelem \u00e9s a civiliz\u00e1ci\u00f3k keresztez\u0151d\u00e9s\u00e9ben fekv\u0151 orsz\u00e1g, amelynek saj\u00e1tos ter\u00fcleti S alakja \u00e9s a paradoxonok rendk\u00edv\u00fcli dimenzi\u00f3ja van. A hatalmas v\u00e1rosokban zajl\u00f3 \u00e9let, amely az \u00e1lland\u00f3 mozg\u00e1s \u00e9rzet\u00e9t kelti, ellent\u00e9tben \u00e1ll a fest\u0151i vid\u00e9kek \u00e9let\u00e9vel, amelyek az id\u0151 ellen\u00e9re meg\u0151rizt\u00e9k eredeti megjelen\u00e9s\u00fcket. Az utc\u00e1k sz\u00fcntelen emberi \u00e9s technikai zaja ellent\u00e9tben \u00e1ll a pagod\u00e1k \u00e9s a tengerpart z\u00fag\u00f3 csendj\u00e9vel. Az \u00f6tmilli\u00f3 motorker\u00e9kp\u00e1r \u00e9s moped kipufog\u00f3j\u00e1nak f\u00fcstje ellent\u00e9tben \u00e1ll a n\u00e9gy elfogadott vall\u00e1sb\u00f3l ered\u0151 im\u00e1k \u00e9s medit\u00e1ci\u00f3k \u00e9g fel\u00e9 emelked\u0151, illatos p\u00e1lc\u00e1k f\u00fcstspir\u00e1ljaival. A legal\u00e1bb a t\u00fal\u00e9l\u00e9sre t\u00f6rekv\u0151 emberek szemben \u00e1lltak Vietnam els\u0151 milli\u00e1rdos\u00e1val, Phammal.<span class=\"Apple-converted-space\">\u00a0<\/span><\/span><\/p>\n<p style=\"text-align: center;\"><img fetchpriority=\"high\" decoding=\"async\" class=\"alignnone wp-image-2892\" src=\"https:\/\/soleylingo.sk\/wp-content\/uploads\/2025\/01\/DSC02543-300x225.jpg\" alt=\"\" width=\"374\" height=\"281\" srcset=\"https:\/\/soleylingo.sk\/wp-content\/uploads\/2025\/01\/DSC02543-300x225.jpg 300w, https:\/\/soleylingo.sk\/wp-content\/uploads\/2025\/01\/DSC02543-1024x768.jpg 1024w, https:\/\/soleylingo.sk\/wp-content\/uploads\/2025\/01\/DSC02543-768x576.jpg 768w, https:\/\/soleylingo.sk\/wp-content\/uploads\/2025\/01\/DSC02543-1536x1152.jpg 1536w, https:\/\/soleylingo.sk\/wp-content\/uploads\/2025\/01\/DSC02543-16x12.jpg 16w, https:\/\/soleylingo.sk\/wp-content\/uploads\/2025\/01\/DSC02543-600x450.jpg 600w, https:\/\/soleylingo.sk\/wp-content\/uploads\/2025\/01\/DSC02543.jpg 2048w\" sizes=\"(max-width: 374px) 100vw, 374px\" \/> \u00a0<img decoding=\"async\" class=\"alignnone wp-image-2893\" src=\"https:\/\/soleylingo.sk\/wp-content\/uploads\/2025\/01\/DSC02606-300x225.jpg\" alt=\"\" width=\"375\" height=\"281\" srcset=\"https:\/\/soleylingo.sk\/wp-content\/uploads\/2025\/01\/DSC02606-300x225.jpg 300w, https:\/\/soleylingo.sk\/wp-content\/uploads\/2025\/01\/DSC02606-1024x768.jpg 1024w, https:\/\/soleylingo.sk\/wp-content\/uploads\/2025\/01\/DSC02606-768x576.jpg 768w, https:\/\/soleylingo.sk\/wp-content\/uploads\/2025\/01\/DSC02606-1536x1152.jpg 1536w, https:\/\/soleylingo.sk\/wp-content\/uploads\/2025\/01\/DSC02606-2048x1536.jpg 2048w, https:\/\/soleylingo.sk\/wp-content\/uploads\/2025\/01\/DSC02606-16x12.jpg 16w, https:\/\/soleylingo.sk\/wp-content\/uploads\/2025\/01\/DSC02606-600x450.jpg 600w\" sizes=\"(max-width: 375px) 100vw, 375px\" \/>\u00a0 <img decoding=\"async\" class=\"alignnone wp-image-2894\" src=\"https:\/\/soleylingo.sk\/wp-content\/uploads\/2025\/01\/pexels-thuan-30321360-200x300.jpg\" alt=\"\" width=\"188\" height=\"282\" srcset=\"https:\/\/soleylingo.sk\/wp-content\/uploads\/2025\/01\/pexels-thuan-30321360-200x300.jpg 200w, https:\/\/soleylingo.sk\/wp-content\/uploads\/2025\/01\/pexels-thuan-30321360-683x1024.jpg 683w, https:\/\/soleylingo.sk\/wp-content\/uploads\/2025\/01\/pexels-thuan-30321360-768x1152.jpg 768w, https:\/\/soleylingo.sk\/wp-content\/uploads\/2025\/01\/pexels-thuan-30321360-1024x1536.jpg 1024w, https:\/\/soleylingo.sk\/wp-content\/uploads\/2025\/01\/pexels-thuan-30321360-1365x2048.jpg 1365w, https:\/\/soleylingo.sk\/wp-content\/uploads\/2025\/01\/pexels-thuan-30321360-8x12.jpg 8w, https:\/\/soleylingo.sk\/wp-content\/uploads\/2025\/01\/pexels-thuan-30321360-600x900.jpg 600w, https:\/\/soleylingo.sk\/wp-content\/uploads\/2025\/01\/pexels-thuan-30321360-scaled.jpg 1707w\" sizes=\"(max-width: 188px) 100vw, 188px\" \/><\/p>\n<p><span style=\"color: #333333;\">Egy olyan orsz\u00e1gr\u00f3l besz\u00e9l\u00fcnk, amelynek rendk\u00edv\u00fcl szokatlan a posztszovjet t\u00f6rt\u00e9nelem, de a nev\u00e9ben szocialista. Egyszer\u0171en Vietnamban egyr\u00e9szt Marx besz\u00e9l, m\u00e1sr\u00e9szt az MTV v\u00e1laszol.<\/span><\/p>\n<p><span style=\"color: #333333;\">Mindez \u00e9s m\u00e9g sok minden m\u00e1s v\u00e1r az emberre, ha felkel a k\u00e9nyelmi sz\u00e9kb\u0151l, vesz egy adag b\u00e1tors\u00e1got, \u00e9s felismeri, hogy az \u00fat is lehet c\u00e9l. Mert ez az orsz\u00e1g megtan\u00edt arra, hogy az \u00e9letet bels\u0151 fejl\u0151d\u00e9sk\u00e9nt \u00e9rtelmezze, hogyan legyen nyitott nemcsak az \u00f6szt\u00f6neire, hanem a magasabb \u00e9rt\u00e9kekre is, \u00e9s hogyan keresse folyamatosan a benn\u00fcnk rejl\u0151 embert. Emberi, j\u00f3, kreat\u00edv \u00e9s nem destrukt\u00edvan viselked\u0151.<span class=\"Apple-converted-space\">\u00a0<\/span><\/span><\/p>\n<p><span style=\"color: #333333;\">Ebben az orsz\u00e1gban a val\u00f3s\u00e1g \u00e9s a fantasztikus keveredik, \u00e9s vigy\u00e1zni kell, hogy egyszer\u0171en \"a f\u00f6ld\u00f6n\" maradjunk, amikor \u00e9rz\u00e9kelj\u00fck a k\u00f6rnyezetet, amely a legbizarrabb \u00f6tleteket sz\u00fclt benn\u00fcnk.<\/span><\/p>\n<p><span style=\"color: #333333;\">Vietnam orsz\u00e1ga rendk\u00edv\u00fcl gazdag term\u00e9szeti t\u00e1jakban, pozit\u00edvan nyitott a turizmusra \u00e9s biztons\u00e1gos. Utunk ez\u00e9rt z\u00f6kken\u0151mentesen mag\u00e1ban foglalta szinte az eg\u00e9sz bej\u00e1r\u00e1s\u00e1t. A tal\u00e1lkoz\u00e1s \u00e9s a harm\u00f3nia ak\u00e1r n\u00e9gy vall\u00e1sos <b>Vall\u00e1sok <\/b>- A buddhizmus, a hinduizmus, a taoizmus \u00e9s a kereszt\u00e9nys\u00e9g - minden bizonnyal kiv\u00e9teles \u00e9s szokatlan \u00e9rz\u00e9seket garant\u00e1l a turist\u00e1k sz\u00e1m\u00e1ra.<\/span><\/p>\n<p><span style=\"color: #333333;\">\u00c9szak gy\u00f6keresen k\u00fcl\u00f6nb\u00f6zik D\u00e9lt\u0151l. S\u0151t, a D\u00e9l m\u00e9g k\u00fcl\u00f6nlegesebb, m\u00e9g sz\u00ednesebb form\u00e1t \u00f6lt. A misztikus S\u00e1rk\u00e1ny-\u00f6b\u00f6l Ha Long Bai - a vil\u00e1g egyed\u00fcl\u00e1ll\u00f3 csod\u00e1ja -, az UNESCO vil\u00e1g\u00f6r\u00f6ks\u00e9g r\u00e9sz\u00e9t k\u00e9pez\u0151 Hoi An \u00e9l\u0151 m\u00fazeumv\u00e1ros, \u00e9s k\u00fcl\u00f6n\u00f6sen a vil\u00e1g egyed\u00fcl\u00e1ll\u00f3 darabja, a 2,5 km sz\u00e9les Mekong-delta - mint h\u00e1rom Duna-foly\u00f3nk - \u00fasz\u00f3 szuggeszt\u00edv piacaival \u00f6r\u00f6kre kit\u00f6r\u00f6lhetetlen \u00e9lm\u00e9ny marad.<\/span><\/p>\n<p style=\"text-align: center;\"><img loading=\"lazy\" decoding=\"async\" class=\"alignnone wp-image-2896\" src=\"https:\/\/soleylingo.sk\/wp-content\/uploads\/2025\/01\/IMG_1163-300x225.jpg\" alt=\"\" width=\"298\" height=\"223\" srcset=\"https:\/\/soleylingo.sk\/wp-content\/uploads\/2025\/01\/IMG_1163-300x225.jpg 300w, https:\/\/soleylingo.sk\/wp-content\/uploads\/2025\/01\/IMG_1163-1024x768.jpg 1024w, https:\/\/soleylingo.sk\/wp-content\/uploads\/2025\/01\/IMG_1163-768x576.jpg 768w, https:\/\/soleylingo.sk\/wp-content\/uploads\/2025\/01\/IMG_1163-1536x1152.jpg 1536w, https:\/\/soleylingo.sk\/wp-content\/uploads\/2025\/01\/IMG_1163-2048x1536.jpg 2048w, https:\/\/soleylingo.sk\/wp-content\/uploads\/2025\/01\/IMG_1163-16x12.jpg 16w, https:\/\/soleylingo.sk\/wp-content\/uploads\/2025\/01\/IMG_1163-600x450.jpg 600w\" sizes=\"(max-width: 298px) 100vw, 298px\" \/>\u00a0 <img loading=\"lazy\" decoding=\"async\" class=\"alignnone wp-image-2897\" src=\"https:\/\/soleylingo.sk\/wp-content\/uploads\/2025\/01\/DSC02832-300x225.jpg\" alt=\"\" width=\"298\" height=\"223\" srcset=\"https:\/\/soleylingo.sk\/wp-content\/uploads\/2025\/01\/DSC02832-300x225.jpg 300w, https:\/\/soleylingo.sk\/wp-content\/uploads\/2025\/01\/DSC02832-1024x768.jpg 1024w, https:\/\/soleylingo.sk\/wp-content\/uploads\/2025\/01\/DSC02832-768x576.jpg 768w, https:\/\/soleylingo.sk\/wp-content\/uploads\/2025\/01\/DSC02832-1536x1152.jpg 1536w, https:\/\/soleylingo.sk\/wp-content\/uploads\/2025\/01\/DSC02832-2048x1536.jpg 2048w, https:\/\/soleylingo.sk\/wp-content\/uploads\/2025\/01\/DSC02832-16x12.jpg 16w, https:\/\/soleylingo.sk\/wp-content\/uploads\/2025\/01\/DSC02832-600x450.jpg 600w\" sizes=\"(max-width: 298px) 100vw, 298px\" \/> \u00a0<img loading=\"lazy\" decoding=\"async\" class=\"alignnone wp-image-2898\" src=\"https:\/\/soleylingo.sk\/wp-content\/uploads\/2025\/01\/DSC02768-300x225.jpg\" alt=\"\" width=\"298\" height=\"223\" srcset=\"https:\/\/soleylingo.sk\/wp-content\/uploads\/2025\/01\/DSC02768-300x225.jpg 300w, https:\/\/soleylingo.sk\/wp-content\/uploads\/2025\/01\/DSC02768-1024x768.jpg 1024w, https:\/\/soleylingo.sk\/wp-content\/uploads\/2025\/01\/DSC02768-768x576.jpg 768w, https:\/\/soleylingo.sk\/wp-content\/uploads\/2025\/01\/DSC02768-1536x1152.jpg 1536w, https:\/\/soleylingo.sk\/wp-content\/uploads\/2025\/01\/DSC02768-2048x1536.jpg 2048w, https:\/\/soleylingo.sk\/wp-content\/uploads\/2025\/01\/DSC02768-16x12.jpg 16w, https:\/\/soleylingo.sk\/wp-content\/uploads\/2025\/01\/DSC02768-600x450.jpg 600w\" sizes=\"(max-width: 298px) 100vw, 298px\" \/><\/p>\n<p><span style=\"color: #333333;\"><b>Ha Long-\u00f6b\u00f6l - S\u00e1rk\u00e1ny-\u00f6b\u00f6l vagy a leereszked\u0151 s\u00e1rk\u00e1ny \u00f6ble. Id\u0151tlen \u00e9s t\u00f6k\u00e9letesen misztikus var\u00e1zslat. <\/b>A tengerb\u0151l kiemelked\u0151 szigetek \u00e9s szigetecsk\u00e9k rendszere. M\u00e9szk\u0151b\u0151l vannak, \u00e9s mintegy 1969 van bel\u0151l\u00fck 1550 km2 ter\u00fcleten, 989-nek van neve. N\u00e9h\u00e1nyuk lakott, n\u00e9h\u00e1nyuk nem. \u00c9vsz\u00e1zadok \u00f3ta sz\u00e1mos k\u00f6lt\u0151, m\u0171v\u00e9sz, \u00edr\u00f3, felfedez\u0151 ihlette \u0151ket, \u00e9s t\u00f6rt\u00e9nelmileg sz\u00e1mos legenda \u00f6vezi \u0151ket.<\/span><\/p>\n<p><span style=\"color: #333333;\">A \"Ha Long\" ford\u00edt\u00e1sa szerint az a hely, ahol \"a s\u00e1rk\u00e1ny leereszkedett a tengerbe\". A legenda szerint a szigeteket egy \u00f3ri\u00e1si s\u00e1rk\u00e1ny hozta l\u00e9tre, amely a hegyekben \u00e9lt. Ahogy a part fel\u00e9 futott, csapkod\u00f3 fark\u00e1val v\u00f6lgyeket \u00e9s m\u00e9lyed\u00e9seket v\u00e1jt. Amikor a tengerbe mer\u00fclt, a farka \u00e1ltal ki\u00e1sott ter\u00fcletet elbor\u00edtotta a v\u00edz, \u00e9s csak a sz\u00e1razf\u00f6ld teteje maradt l\u00e1that\u00f3.<\/span><\/p>\n<p><span style=\"color: #333333;\">Egy m\u00e1sik legenda szerint: ez m\u00e1r nagyon r\u00e9gen t\u00f6rt\u00e9nt. Vietnamban b\u00e9ke volt, \u00e9s az emberek sokat dolgoztak. De egy nap harcosok j\u00f6ttek egy m\u00e1sik orsz\u00e1gb\u00f3l. Ha a vietnamiak meg akart\u00e1k v\u00e9deni magukat, akkor egy hatalmas flott\u00e1t kellett legy\u0151zni\u00fck. Az istenek mindent l\u00e1ttak. Megsajn\u00e1lt\u00e1k \u00e9s k\u00fcldtek a vietnamiaknak egy hatalmas s\u00e1rk\u00e1nyt, amely meg\u00e1ll\u00edtotta az ellens\u00e9ges flott\u00e1t. A szigetek a s\u00e1rk\u00e1ny kiker\u00fclt r\u00e9szeik\u00e9nt maradtak meg.<\/span><\/p>\n<p><span style=\"color: #333333;\">A S\u00e1rk\u00e1ny-\u00f6b\u00f6l \u00edgy nemcsak a sz\u00e9ps\u00e9ge miatt szerzett elismer\u00e9st, hanem az\u00e9rt is, mert \u00e9vsz\u00e1zadokon \u00e1t t\u00e9nylegesen megv\u00e9dte az \u0151slakosokat a K\u00edn\u00e1b\u00f3l \u00e9rkez\u0151 t\u00e1mad\u00e1sokt\u00f3l. A vietnamiak ugyanis nagy kar\u00f3kat \u00e1ll\u00edtottak a v\u00edz al\u00e1, az ellens\u00e9get az \u00f6b\u00f6lbe csalt\u00e1k, \u00e9s amikor ap\u00e1lykor a v\u00edz visszah\u00faz\u00f3dott, a leg\u00e9nys\u00e9g \u00e9s a haj\u00f3k tehetetlen\u00fcl a kar\u00f3kon rekedtek.<\/span><\/p>\n<p><span style=\"color: #333333;\">A mai Vietnam eg\u00e9sz k\u00e9p\u00e9ben az a sz\u00e9p, hogy a mez\u0151gazdas\u00e1gban dolgoz\u00f3 emberek szinte mindig ugyan\u00fagy dolgoznak, \u00e9s ez\u00e9rt a Vietnamr\u00f3l alkotott k\u00e9p \u00f6r\u00f6kk\u00e9val\u00f3nak t\u0171nik. Egyel\u0151re nem a gigantikus ipari parkokban, zsarnoki gy\u00e1rakban dolgoz\u00f3 emberek, hanem a rizs- \u00e9s z\u00f6lds\u00e9gf\u00f6ldeken dolgoz\u00f3 emberek. Nincs technol\u00f3gia, csak egy \u00e1s\u00f3t h\u00faz\u00f3 \u00e1llat \u00e9s egy kis vietnami emberke csizm\u00e1ban, k\u00fapos sapk\u00e1val a fej\u00e9n. Vagy maga is f\u00e1jdalmasan g\u00f6rnyedve a rizst\u00f6rzsekhez az el\u00e1rasztott f\u00f6ldeken. Csod\u00e1latra m\u00e9lt\u00f3 \u00e9s kem\u00e9ny munka. Rendk\u00edv\u00fcli benyom\u00e1s \u00e9s mindenekel\u0151tt kegyelem. Tal\u00e1n csak a saj\u00e1t szem\u00fcnkkel tudjuk \u00e9rt\u00e9kelni a parasztok mindennapi kem\u00e9ny munk\u00e1j\u00e1t. \u00c9s igen, a rendk\u00edv\u00fcli benyom\u00e1s mindig akkor k\u00f6vetkezik, ha van mihez viszony\u00edtanunk. \u00c9s mihez hasonl\u00edtja mag\u00e1t egy eur\u00f3pai ebben az esetben, hiszen nem \u0151 maga termeszti a rizst? Ahhoz, hogy milyen k\u00f6nnyen elpazarolj\u00e1k, milyen k\u00f6nnyen dobj\u00e1k a t\u00e1ny\u00e9rb\u00f3l a szem\u00e9tbe an\u00e9lk\u00fcl, hogy<span class=\"Apple-converted-space\">\u00a0<\/span>nem tudatosul, hogy mennyi er\u0151fesz\u00edt\u00e9s van minden egyes szemcse m\u00f6g\u00f6tt.<span class=\"Apple-converted-space\">\u00a0<\/span><\/span><\/p>\n<p><img loading=\"lazy\" decoding=\"async\" class=\"wp-image-2901 aligncenter\" src=\"https:\/\/soleylingo.sk\/wp-content\/uploads\/2025\/01\/IMG_1039-300x225.jpg\" alt=\"\" width=\"667\" height=\"500\" srcset=\"https:\/\/soleylingo.sk\/wp-content\/uploads\/2025\/01\/IMG_1039-300x225.jpg 300w, https:\/\/soleylingo.sk\/wp-content\/uploads\/2025\/01\/IMG_1039-1024x768.jpg 1024w, https:\/\/soleylingo.sk\/wp-content\/uploads\/2025\/01\/IMG_1039-768x576.jpg 768w, https:\/\/soleylingo.sk\/wp-content\/uploads\/2025\/01\/IMG_1039-1536x1152.jpg 1536w, https:\/\/soleylingo.sk\/wp-content\/uploads\/2025\/01\/IMG_1039-2048x1536.jpg 2048w, https:\/\/soleylingo.sk\/wp-content\/uploads\/2025\/01\/IMG_1039-16x12.jpg 16w, https:\/\/soleylingo.sk\/wp-content\/uploads\/2025\/01\/IMG_1039-600x450.jpg 600w\" sizes=\"(max-width: 667px) 100vw, 667px\" \/><\/p>\n<p><span style=\"color: #333333;\">Vietnamban a betakar\u00edt\u00e1s gyakorlatilag eg\u00e9sz \u00e9vben tart. A vet\u00e9s \u00e9s az arat\u00e1s folyamatosan zajlik. A h\u0171v\u00f6sebb \u00e9szakon \u00e9vente k\u00e9tszer, a forr\u00f3 d\u00e9len \u00e9vente h\u00e1romszor aratnak. A term\u00e9s jelent\u0151s r\u00e9sz\u00e9t exportra sz\u00e1nj\u00e1k.<\/span><\/p>\n<p><span style=\"color: #333333;\">K\u00edn\u00e1val ellent\u00e9tben Vietnam moderniz\u00e1lta <b>latin bet\u0171kkel<\/b> \u00e9s szinte minden szavuk egysz\u00f3tag\u00fa. Ez\u00e9rt van az, hogy az orsz\u00e1g nev\u00e9t Vietnamnak val\u00f3j\u00e1ban Viet Namnak \u00edrj\u00e1k.<span class=\"Apple-converted-space\">\u00a0<\/span><\/span><\/p>\n<p><span style=\"color: #333333;\"><b>N\u00e9pess\u00e9g<\/b>: bar\u00e1ts\u00e1gos, seg\u00edt\u0151k\u00e9sz, szorgalmas nemzet. Az emberek hatalmas t\u00f6meg\u00e9be szel\u00edd jellem, szer\u00e9ny \u00e9letvitel \u00e9s b\u00e9k\u00e9s csendess\u00e9g illeszkedik. A szlov\u00e1k mentalit\u00e1s az \u00f6v\u00e9khez k\u00e9pest t\u00fals\u00e1gosan trivi\u00e1lis, \u00e9s t\u00f6bbsz\u00f6r\u00f6sen t\u00f6bb adrenalint, stresszt \u00e9s agresszi\u00f3t tartalmaz.<span class=\"Apple-converted-space\">\u00a0<\/span><\/span><\/p>\n<p><span style=\"color: #333333;\">\u00c9s hogyan \u00e9lnek azok az emberek, akik a ruh\u00e1inkat k\u00e9sz\u00edtik \u00e9s rizst k\u00fcldenek nek\u00fcnk? Irigyl\u00e9sre m\u00e9lt\u00f3an. Megd\u00f6bbent\u0151en olcs\u00f3 munkaer\u0151, mind\u00f6ssze n\u00e9h\u00e1ny t\u00edzcentes \u00f3rab\u00e9r egy textilgy\u00e1rban, rengeteg t\u00fal\u00f3ra, rossz munkak\u00f6r\u00fclm\u00e9nyek, nincs szakszervezet, nincsenek jogok, csak felel\u0151ss\u00e9g. 75 eur\u00f3s havi \u00e1tlagb\u00e9r (2013). A rossz t\u00f6rv\u00e9nyhoz\u00e1s, az egyp\u00e1rti uralom \u00e9s az ezzel j\u00e1r\u00f3 szabads\u00e1ghi\u00e1ny, a szeg\u00e9nys\u00e9gi k\u00fcsz\u00f6b felett \u00e9pphogy \u00e9l\u0151k sz\u00e1ma, mindezek nyomj\u00e1k le a munkaer\u0151 \u00e1r\u00e1t alacsony szintre. Az emberek gyakran nem kapj\u00e1k meg a teljes havi b\u00e9r\u00fcket, annak egy r\u00e9sz\u00e9t elhalasztj\u00e1k, hogy motiv\u00e1lj\u00e1k \u0151ket, hogy a k\u00f6vetkez\u0151 h\u00f3napban munk\u00e1ba \u00e1lljanak.<\/span><\/p>\n<p style=\"text-align: center;\"><img loading=\"lazy\" decoding=\"async\" class=\"alignnone wp-image-2903\" src=\"https:\/\/soleylingo.sk\/wp-content\/uploads\/2025\/01\/DSC02611b-300x225.jpg\" alt=\"\" width=\"327\" height=\"245\" srcset=\"https:\/\/soleylingo.sk\/wp-content\/uploads\/2025\/01\/DSC02611b-300x225.jpg 300w, https:\/\/soleylingo.sk\/wp-content\/uploads\/2025\/01\/DSC02611b-1024x768.jpg 1024w, https:\/\/soleylingo.sk\/wp-content\/uploads\/2025\/01\/DSC02611b-768x576.jpg 768w, https:\/\/soleylingo.sk\/wp-content\/uploads\/2025\/01\/DSC02611b-1536x1152.jpg 1536w, https:\/\/soleylingo.sk\/wp-content\/uploads\/2025\/01\/DSC02611b-16x12.jpg 16w, https:\/\/soleylingo.sk\/wp-content\/uploads\/2025\/01\/DSC02611b-600x450.jpg 600w, https:\/\/soleylingo.sk\/wp-content\/uploads\/2025\/01\/DSC02611b.jpg 2048w\" sizes=\"(max-width: 327px) 100vw, 327px\" \/>\u00a0 <img loading=\"lazy\" decoding=\"async\" class=\"alignnone wp-image-2904\" src=\"https:\/\/soleylingo.sk\/wp-content\/uploads\/2025\/01\/DSC02647-225x300.jpg\" alt=\"\" width=\"184\" height=\"246\" srcset=\"https:\/\/soleylingo.sk\/wp-content\/uploads\/2025\/01\/DSC02647-225x300.jpg 225w, https:\/\/soleylingo.sk\/wp-content\/uploads\/2025\/01\/DSC02647-768x1024.jpg 768w, https:\/\/soleylingo.sk\/wp-content\/uploads\/2025\/01\/DSC02647-1152x1536.jpg 1152w, https:\/\/soleylingo.sk\/wp-content\/uploads\/2025\/01\/DSC02647-9x12.jpg 9w, https:\/\/soleylingo.sk\/wp-content\/uploads\/2025\/01\/DSC02647-600x800.jpg 600w, https:\/\/soleylingo.sk\/wp-content\/uploads\/2025\/01\/DSC02647.jpg 1536w\" sizes=\"(max-width: 184px) 100vw, 184px\" \/>\u00a0 <img loading=\"lazy\" decoding=\"async\" class=\"alignnone wp-image-2905\" src=\"https:\/\/soleylingo.sk\/wp-content\/uploads\/2025\/01\/DSC02610-300x225.jpg\" alt=\"\" width=\"327\" height=\"246\" srcset=\"https:\/\/soleylingo.sk\/wp-content\/uploads\/2025\/01\/DSC02610-300x225.jpg 300w, https:\/\/soleylingo.sk\/wp-content\/uploads\/2025\/01\/DSC02610-1024x768.jpg 1024w, https:\/\/soleylingo.sk\/wp-content\/uploads\/2025\/01\/DSC02610-768x576.jpg 768w, https:\/\/soleylingo.sk\/wp-content\/uploads\/2025\/01\/DSC02610-1536x1152.jpg 1536w, https:\/\/soleylingo.sk\/wp-content\/uploads\/2025\/01\/DSC02610-2048x1536.jpg 2048w, https:\/\/soleylingo.sk\/wp-content\/uploads\/2025\/01\/DSC02610-16x12.jpg 16w, https:\/\/soleylingo.sk\/wp-content\/uploads\/2025\/01\/DSC02610-600x450.jpg 600w\" sizes=\"(max-width: 327px) 100vw, 327px\" \/><\/p>\n<p><span style=\"color: #333333;\">Egy vietnami sz\u00e1m\u00e1ra a turista csak egy dolgot jelent, \u00e9s ez a profit. Sokszor ezt ak\u00e1r lop\u00e1s vagy p\u00e9nzzel val\u00f3 csal\u00e1s \u00e1r\u00e1n is megpr\u00f3b\u00e1lja el\u00e9rni.<\/span><\/p>\n<p><span style=\"color: #333333;\">A vietnami lakoss\u00e1g egyed\u00fcl\u00e1ll\u00f3 m\u00f3don kollekt\u00edv\u00e1ban vesz r\u00e9szt; egy\u00e9nileg szinte lehetetlen t\u00fal\u00e9lni. Egy\u00e9nk\u00e9nt gyeng\u00e9nek \u00e9rzik magukat, alapvet\u0151en csapatban dolgoznak. Rendk\u00edv\u00fcl alkalmazkod\u00f3k\u00e9pesek. A lakoss\u00e1g nagy r\u00e9sze hagyom\u00e1nyos \u00e9s nem mindig k\u00f6nny\u0171 \u00e9letet \u00e9l. A vietnamiak hisznek egy t\u00e1rsadalmi ideol\u00f3gi\u00e1ban, de csak addig, am\u00edg annak vannak t\u00e1rsadalmi elvei. Az \u00e9letm\u00f3d f\u0151 jellemz\u0151je a nagyon j\u00f3 csal\u00e1dfiloz\u00f3fia, ami alacsony v\u00e1l\u00e1si ar\u00e1nyt \u00e9s t\u00e1rsadalmi \u00e9s kollekt\u00edv erk\u00f6lcsi felel\u0151ss\u00e9get eredm\u00e9nyez. Saj\u00e1t term\u00e9szetjog \u00e9s erk\u00f6lcsi k\u00f3dex ir\u00e1ny\u00edtja \u0151ket, \u00e9s \u00e9rz\u00e9kenyen viszonyulnak a mag\u00e1ntulajdonhoz. Figyelemre m\u00e9lt\u00f3 az id\u0151sek ir\u00e1nti k\u00fcl\u00f6nleges \u00e9rz\u00e9kenys\u00e9g \u00e9s tisztelet. A t\u00e1rsadalom megv\u00e9di mag\u00e1t a b\u0171n\u00f6z\u00e9st\u0151l, a csal\u00e1dban fokozatos megtisztul\u00e1st \u00e9rnek el, az egy\u00e9nek cselekedetei nemcsak magukr\u00f3l, hanem az eg\u00e9sz csal\u00e1dr\u00f3l d\u00f6ntenek. Hosszadalmas \u00e9s hivalkod\u00f3 esk\u00fcv\u0151i cerem\u00f3ni\u00e1k: az esk\u00fcv\u0151 k\u00e9t napig tart, mintegy 250 ember vesz r\u00e9szt rajta, akik sorban kiz\u00e1r\u00f3lag anyagi aj\u00e1nd\u00e9kokkal \u00e9rkeznek. A rengeteg \u00e9tel, dekor\u00e1ci\u00f3 \u00e9s sz\u00f3rakoz\u00e1s m\u0171anyag s\u00e1trakban zajlik, leggyakrabban a falu k\u00f6zpontj\u00e1ban, k\u00f6zvetlen\u00fcl az utc\u00e1n.<span class=\"Apple-converted-space\">\u00a0<\/span><\/span><\/p>\n<p><span style=\"color: #333333;\">A vietnami n\u00e9v \u00f6sszet\u00e9tel\u00e9nek nincs r\u00f6gz\u00edtett szab\u00e1lya, 60% k\u00f6z\u00fcl\u00fck azonban a k\u00f6z\u00e9ps\u0151 Nguyen n\u00e9v, amely a kir\u00e1lyi csal\u00e1d k\u00f6zvetlen \u00f6r\u00f6kl\u00e9s\u00e9t jelenti. A keresztnevet a sz\u00fcl\u0151k v\u00e1lasztj\u00e1k, a gyerekek megtartj\u00e1k apjuk harmadik nev\u00e9t, a feles\u00e9g megv\u00e1ltoztathatja a harmadik nev\u00e9t, \u00e9s felveheti f\u00e9rje nev\u00e9t, amikor f\u00e9rjhez megy, vagy nem, \u00e9s megtarthatja apja nev\u00e9t.<span class=\"Apple-converted-space\">\u00a0<\/span><\/span><\/p>\n<p><span style=\"color: #333333;\">Szinte nincs munkan\u00e9lk\u00fclis\u00e9g, az emberi tev\u00e9kenys\u00e9g a munkafolyamatban rendk\u00edv\u00fcli.<\/span><\/p>\n<p><span style=\"color: #333333;\">Nagyon er\u0151s koh\u00e9zi\u00f3 a halottakkal, bizarr s\u00edrokkal. A temet\u0151k tulajdonk\u00e9ppen kis h\u00e1zak, ahov\u00e1 az \u00e9l\u0151k j\u00e1rnak, hogy megn\u00e9zz\u00e9k a halottakat, besz\u00e9lgessenek vel\u00fck, \u00e9s p\u00e9nzt \u00e9gessenek, hogy a t\u00falvil\u00e1gon biztons\u00e1gban legyenek.<\/span><\/p>\n<p><span style=\"color: #333333;\">A vietnamiak nagyon babon\u00e1sak, \u00e9s lelki \u00e9let\u00fck fontos r\u00e9sze az \u00e1llatok, sz\u00e1mok vagy t\u00e1rgyak szimbolik\u00e1ja. A vietnami mitol\u00f3gia mitikus \u00e1llatai k\u00f6z\u00fcl a s\u00e1rk\u00e1ny k\u00e9pviseli a leger\u0151sebb \u00e9s leghatalmasabb l\u00e9nyt. Jelleg\u00e9ben \u00e9s megjelen\u00e9s\u00e9ben teljesen k\u00fcl\u00f6nb\u00f6zik a nyugati vil\u00e1g s\u00e1rk\u00e1ny\u00e1t\u00f3l. Nem a gonoszt, hanem a v\u00e9delmez\u0151t, az uralkod\u00f3t, az isteni er\u0151t, az erk\u00f6lcsi t\u00f6k\u00e9letess\u00e9get \u00e9s a jang f\u00e9rfias princ\u00edpiumot szimboliz\u00e1lja.<span class=\"Apple-converted-space\">\u00a0<\/span><\/span><\/p>\n<p style=\"text-align: center;\"><img loading=\"lazy\" decoding=\"async\" class=\"alignnone wp-image-2908\" src=\"https:\/\/soleylingo.sk\/wp-content\/uploads\/2025\/01\/pexels-hieu-vu-vlog-1917391792-30320112_2-300x200.jpg\" alt=\"\" width=\"494\" height=\"329\" srcset=\"https:\/\/soleylingo.sk\/wp-content\/uploads\/2025\/01\/pexels-hieu-vu-vlog-1917391792-30320112_2-300x200.jpg 300w, https:\/\/soleylingo.sk\/wp-content\/uploads\/2025\/01\/pexels-hieu-vu-vlog-1917391792-30320112_2-1024x684.jpg 1024w, https:\/\/soleylingo.sk\/wp-content\/uploads\/2025\/01\/pexels-hieu-vu-vlog-1917391792-30320112_2-768x513.jpg 768w, https:\/\/soleylingo.sk\/wp-content\/uploads\/2025\/01\/pexels-hieu-vu-vlog-1917391792-30320112_2-18x12.jpg 18w, https:\/\/soleylingo.sk\/wp-content\/uploads\/2025\/01\/pexels-hieu-vu-vlog-1917391792-30320112_2-600x400.jpg 600w, https:\/\/soleylingo.sk\/wp-content\/uploads\/2025\/01\/pexels-hieu-vu-vlog-1917391792-30320112_2.jpg 1203w\" sizes=\"(max-width: 494px) 100vw, 494px\" \/> \u00a0<img loading=\"lazy\" decoding=\"async\" class=\"alignnone wp-image-2909\" src=\"https:\/\/soleylingo.sk\/wp-content\/uploads\/2025\/01\/pexels-marek-piwnicki-3907296-24836833-2-200x300.jpg\" alt=\"\" width=\"220\" height=\"331\" srcset=\"https:\/\/soleylingo.sk\/wp-content\/uploads\/2025\/01\/pexels-marek-piwnicki-3907296-24836833-2-200x300.jpg 200w, https:\/\/soleylingo.sk\/wp-content\/uploads\/2025\/01\/pexels-marek-piwnicki-3907296-24836833-2-683x1024.jpg 683w, https:\/\/soleylingo.sk\/wp-content\/uploads\/2025\/01\/pexels-marek-piwnicki-3907296-24836833-2-768x1152.jpg 768w, https:\/\/soleylingo.sk\/wp-content\/uploads\/2025\/01\/pexels-marek-piwnicki-3907296-24836833-2-1024x1536.jpg 1024w, https:\/\/soleylingo.sk\/wp-content\/uploads\/2025\/01\/pexels-marek-piwnicki-3907296-24836833-2-1366x2048.jpg 1366w, https:\/\/soleylingo.sk\/wp-content\/uploads\/2025\/01\/pexels-marek-piwnicki-3907296-24836833-2-8x12.jpg 8w, https:\/\/soleylingo.sk\/wp-content\/uploads\/2025\/01\/pexels-marek-piwnicki-3907296-24836833-2-600x900.jpg 600w, https:\/\/soleylingo.sk\/wp-content\/uploads\/2025\/01\/pexels-marek-piwnicki-3907296-24836833-2.jpg 1687w\" sizes=\"(max-width: 220px) 100vw, 220px\" \/><\/p>\n<p><span style=\"color: #333333;\">Az \u00faj\u00e9vet (Tet) a vietnamiak janu\u00e1rban vagy febru\u00e1rban \u00fcnneplik, az id\u0151pont nincs pontosan meghat\u00e1rozva, a holdnapt\u00e1r szerint t\u00e1j\u00e9koz\u00f3dik, \u00e9s ez a legnagyobb vietnami csal\u00e1di \u00fcnnep. A kar\u00e1csonyhoz hasonl\u00edthat\u00f3. A kar\u00e1csonyfak\u00e9nt egy mandarinfa szolg\u00e1l, amelyet Tet idej\u00e9n mindenkinek otthon kell tartania, hogy szerencs\u00e9t \u00e9s j\u00f3l\u00e9tet hozzon a k\u00f6vetkez\u0151 \u00faj\u00e9vre.<\/span><\/p>\n<p><span style=\"color: #333333;\">Egy vietn\u00e1mi f\u00e9rfib\u00f3l biztosan lehet valami j\u00f3t l\u00e1tni, de azonosulni az \u00e9let\u00e9vel val\u00f3sz\u00edn\u0171leg nem.<\/span><\/p>\n<p><span style=\"color: #333333;\"><b>Lakoss\u00e1gi kult\u00fara<\/b> rettenetesen szenved. Az egy ter\u00fcletre jut\u00f3 legnagyobb n\u00e9pess\u00e9gkoncentr\u00e1ci\u00f3 szedi \u00e1ldozatait. A vietnamiak ez\u00e9rt egyre takar\u00e9kosabbak, \u00e9s nagyon kev\u00e9s az \u00e9letter\u00fck. A legt\u00f6bben atipikusan karcs\u00fa, magas h\u00e1zakat \u00e9p\u00edtenek, \u00e9s ez a ter\u00fclet megtakar\u00edt\u00e1s\u00e1nak \u00e9s a magas \u00e1rnak is k\u00f6sz\u00f6nhet\u0151. A h\u00e1zakat t\u00f6bbnyire csak az el\u00fcls\u0151 oldalr\u00f3l parkos\u00edtj\u00e1k, ahonnan sz\u00e9p a megjelen\u00e9s\u00fck. A hatalmas t\u00e1rsadalmi k\u00fcl\u00f6nbs\u00e9gek \u00e9s a hatalmas ter\u00fcleti k\u00fcl\u00f6nbs\u00e9gek azonban a lakhat\u00e1si lehet\u0151s\u00e9geket is meghat\u00e1rozz\u00e1k. A f\u00e9ny\u0171z\u0151 \u00fczleti \u00e9p\u00fcleteket \u00e9s mag\u00e1nlak\u00e1sokat felv\u00e1ltj\u00e1k a kem\u00e9nyen dolgoz\u00f3 emberek t\u00f6megeit t\u00f6m\u00f6r\u00edt\u0151 kellemetlen lak\u00f3t\u00f6mb\u00f6k vagy a teljesen antiszoci\u00e1lis lak\u00f3telepek.<\/span><\/p>\n<p style=\"text-align: center;\"><img loading=\"lazy\" decoding=\"async\" class=\"alignnone size-medium wp-image-2912\" src=\"https:\/\/soleylingo.sk\/wp-content\/uploads\/2025\/01\/DSC02701b-300x225.jpg\" alt=\"\" width=\"300\" height=\"225\" srcset=\"https:\/\/soleylingo.sk\/wp-content\/uploads\/2025\/01\/DSC02701b-300x225.jpg 300w, https:\/\/soleylingo.sk\/wp-content\/uploads\/2025\/01\/DSC02701b-1024x768.jpg 1024w, https:\/\/soleylingo.sk\/wp-content\/uploads\/2025\/01\/DSC02701b-768x576.jpg 768w, https:\/\/soleylingo.sk\/wp-content\/uploads\/2025\/01\/DSC02701b-1536x1152.jpg 1536w, https:\/\/soleylingo.sk\/wp-content\/uploads\/2025\/01\/DSC02701b-16x12.jpg 16w, https:\/\/soleylingo.sk\/wp-content\/uploads\/2025\/01\/DSC02701b-600x450.jpg 600w, https:\/\/soleylingo.sk\/wp-content\/uploads\/2025\/01\/DSC02701b.jpg 2048w\" sizes=\"(max-width: 300px) 100vw, 300px\" \/>\u00a0 <img loading=\"lazy\" decoding=\"async\" class=\"alignnone size-medium wp-image-2913\" src=\"https:\/\/soleylingo.sk\/wp-content\/uploads\/2025\/01\/DSC02701e-300x225.jpg\" alt=\"\" width=\"300\" height=\"225\" srcset=\"https:\/\/soleylingo.sk\/wp-content\/uploads\/2025\/01\/DSC02701e-300x225.jpg 300w, https:\/\/soleylingo.sk\/wp-content\/uploads\/2025\/01\/DSC02701e-1024x768.jpg 1024w, https:\/\/soleylingo.sk\/wp-content\/uploads\/2025\/01\/DSC02701e-768x576.jpg 768w, https:\/\/soleylingo.sk\/wp-content\/uploads\/2025\/01\/DSC02701e-1536x1152.jpg 1536w, https:\/\/soleylingo.sk\/wp-content\/uploads\/2025\/01\/DSC02701e-16x12.jpg 16w, https:\/\/soleylingo.sk\/wp-content\/uploads\/2025\/01\/DSC02701e-600x450.jpg 600w, https:\/\/soleylingo.sk\/wp-content\/uploads\/2025\/01\/DSC02701e.jpg 2048w\" sizes=\"(max-width: 300px) 100vw, 300px\" \/>\u00a0 <img loading=\"lazy\" decoding=\"async\" class=\"alignnone size-medium wp-image-2914\" src=\"https:\/\/soleylingo.sk\/wp-content\/uploads\/2025\/01\/DSC02649-300x225.jpg\" alt=\"\" width=\"300\" height=\"225\" srcset=\"https:\/\/soleylingo.sk\/wp-content\/uploads\/2025\/01\/DSC02649-300x225.jpg 300w, https:\/\/soleylingo.sk\/wp-content\/uploads\/2025\/01\/DSC02649-1024x768.jpg 1024w, https:\/\/soleylingo.sk\/wp-content\/uploads\/2025\/01\/DSC02649-768x576.jpg 768w, https:\/\/soleylingo.sk\/wp-content\/uploads\/2025\/01\/DSC02649-1536x1152.jpg 1536w, https:\/\/soleylingo.sk\/wp-content\/uploads\/2025\/01\/DSC02649-2048x1536.jpg 2048w, https:\/\/soleylingo.sk\/wp-content\/uploads\/2025\/01\/DSC02649-16x12.jpg 16w, https:\/\/soleylingo.sk\/wp-content\/uploads\/2025\/01\/DSC02649-600x450.jpg 600w\" sizes=\"(max-width: 300px) 100vw, 300px\" \/><\/p>\n<p><span style=\"color: #333333;\"><b>Sz\u00e1ll\u00edt\u00e1s:<\/b> egy szab\u00e1ly van. Ker\u00fcld az \u00fctk\u00f6z\u00e9st. \u00c1tlagosan minden csal\u00e1dnak van aut\u00f3ja, 5 milli\u00f3 motorker\u00e9kp\u00e1r szaladg\u00e1l az utc\u00e1kon \u0151r\u00fclt sz\u00e1mban \u00e9s temp\u00f3ban, a ker\u00e9kp\u00e1r archaizmus maradt. Hatalmas k\u00f6rnyezetszennyez\u00e9s. \u00c9s a sz\u00fcntelen zaj a nagyv\u00e1rosokban a nap \u00e9s az \u00e9jszaka minden \u00f3r\u00e1j\u00e1ban.<\/span><\/p>\n<p><span style=\"color: #333333;\"><b>Vietnami konyha<\/b> nagyszer\u0171, \u00e9s egyetlen alapja van: a rizs. Mindig \u00e9s mindenhol rizs. A rizs az \u00e9let, a rizs az \u00fczlet. \u00c9vtizedek \u00f3ta. Z\u00f6lds\u00e9gek, gy\u00fcm\u00f6lcs\u00f6k, rizst\u00e9szta, rizspog\u00e1csa, tenger gy\u00fcm\u00f6lcsei, minden \u00e1llat h\u00fasa, minden vall\u00e1si megk\u00f6t\u00e9s n\u00e9lk\u00fcl. Ez\u00e9rt a k\u00edgy\u00f3k, rovarok, macsk\u00e1k \u00e9s kuty\u00e1k az \u00e9lelmiszerl\u00e1nc gyakori r\u00e9szei.<span class=\"Apple-converted-space\">\u00a0<\/span><\/span><\/p>\n<p><span style=\"color: #333333;\">A gy\u00fcm\u00f6lcs\u00f6k szint\u00e9n domin\u00e1lnak az \u00e9trendben. A legjobb, leg\u00e9desebb \u00e9s legszebb gy\u00fcm\u00f6lcs\u00f6k, amiket valaha l\u00e1ttam. N\u00e9h\u00e1ny k\u00f6z\u00fcl\u00fck: pomelo, rambutan, papaya, anan\u00e1sz, karambola, cherimoya, manogstan, jaki, s\u00e1rk\u00e1nyszem, guava, durian, pitahaya, licsi, mang\u00f3, csillagalma, k\u00f3kuszdi\u00f3, ban\u00e1n.<\/span><\/p>\n<p><span style=\"color: #333333;\">Hal\u00e1szat, halgazdas\u00e1gok, halak, halpiacok: vietnami hal\u00e1szok gy\u00f6ny\u00f6r\u0171 l\u00e1tv\u00e1nya a tengeren, l\u00e1tv\u00e1nyos hal\u00e1szok jellegzetes h\u00e1l\u00f3i, p\u00e1lm\u00e1s kerek cs\u00f3nakok. Egyed\u00fcl\u00e1ll\u00f3. A mindig friss tenger gy\u00fcm\u00f6lcseinek hihetetlen \u00e1radata a hatalmas piacokon. A z\u00e1rt piact\u00e9r labirintusszer\u0171 \u00fatjai k\u00f6z\u00f6tt t\u00e1lc\u00e1kon \u00e9s m\u0171anyag zacsk\u00f3kban \u00fasz\u00f3 \u00e9s lobog\u00f3 \"ny\u00e1lk\u00e1k\" sz\u00e1zai.<\/span><\/p>\n<p><span style=\"color: #333333;\">Vietnam valami teljesen \u00fajdons\u00e1ggal is megismertetett minket. A cibetk\u00e1v\u00e9val: jobban mondva: a cibetk\u00e1v\u00e9 nev\u0171 luxussal: a legdr\u00e1g\u00e1bb, a legfinomabb, a legritk\u00e1bb, a legegzotikusabb, a legfinomabb. \u00c9vente csak k\u00f6r\u00fclbel\u00fcl 500-800 kg k\u00e9sz\u00fcl bel\u0151le, mert szokatlan m\u00f3don \u00e1ll\u00edtj\u00e1k el\u0151. Az \u00edze ink\u00e1bb a csokol\u00e1d\u00e9ra hasonl\u00edt. Olyan k\u00e1v\u00e9babokb\u00f3l k\u00e9sz\u00fcl, amelyeket kis h\u00fasev\u0151 cibet \u00e1llatok \u00fcr\u00edtenek. Csak Indon\u00e9zi\u00e1ban \u00e9s Malajzi\u00e1ban \u00e9lnek. K\u00e1v\u00e9babokkal t\u00e1pl\u00e1lkoznak, \u00e9s csak a legjobb min\u0151s\u00e9g\u0171 \u00e9rett gy\u00fcm\u00f6lcs\u00f6ket tudj\u00e1k kiv\u00e1lasztani. A cibetkuty\u00e1k \u00e1ltal \u00fcr\u00edtett p\u00e9pet frissen kell sz\u00fcretelni, mert megromolhat. Egy kilogramm ilyen k\u00e1v\u00e9 600 eur\u00f3t \u00e9r, egy kis cs\u00e9sze f\u0151z\u00f6tt k\u00e1v\u00e9 pedig 8 eur\u00f3t.<\/span><\/p>\n<p><span style=\"color: #333333;\">A vietnami kult\u00far\u00e1ban eredend\u0151en benne van <b>v\u00edzib\u00e1bok<\/b> a helyi \u00e9letr\u0151l. A sz\u00ednh\u00e1zi k\u00f6rnyezetben a sz\u00ednpad m\u00f6g\u00f6tt \u00e1ll\u00f3 emberek hossz\u00fa rudakkal ir\u00e1ny\u00edtj\u00e1k a v\u00edzen lebeg\u0151 darabokat. A hagyom\u00e1nyos zen\u00e9vel egy\u00fctt kiemelik a v\u00edz k\u00f6zponti szerep\u00e9t, amely mindig is szerepet j\u00e1tszott a vietnami n\u00e9p \u00e9let\u00e9ben a k\u00fcl\u00f6nb\u00f6z\u0151 legend\u00e1k \u00e9s t\u00f6rt\u00e9netek megteremt\u00e9s\u00e9ben. Ez a rizstermel\u0151k \u00e9s a szellemi \u00e9let\u00fck k\u00f6z\u00f6tti kapcsolatot mutatja be.<span class=\"Apple-converted-space\">\u00a0<\/span><\/span><\/p>\n<p><span style=\"color: #333333;\">De Vietnam nem csak gy\u00f6ny\u00f6r\u0171 rizsf\u00f6ldek, v\u00edzib\u00e1bok, \u00e9des gy\u00fcm\u00f6lcs\u00f6k, cibetk\u00e1v\u00e9, l\u00f3tuszvir\u00e1gok, a v\u00e1llukon teherrel egyens\u00falyoz\u00f3 n\u0151k vagy tehenek a mez\u0151k\u00f6n.<\/span><\/p>\n<p><span style=\"color: #333333;\">Vietnam f\u0151k\u00e9nt <b>Vietnami Kommunista P\u00e1rt<\/b> - az egyp\u00e1rti uralom, a minden\u00fctt jelenl\u00e9v\u0151 kommunista v\u00f6r\u00f6s csillagok, a nagyv\u00e1llalati vil\u00e1g \u00e9s a cinikus imperialista <b>USA-Vietn\u00e1mi h\u00e1bor\u00fa<\/b>.<\/span><\/p>\n<p><span style=\"color: #333333;\">A Kommunista P\u00e1rt alap\u00edt\u00f3ja Ho Si Minh volt - vietnami forradalm\u00e1r \u00e9s \u00e1llamf\u00e9rfi, az \u00e9vekben <a style=\"color: #333333;\" href=\"http:\/\/sk.wikipedia.org\/wiki\/1946\">1946<\/a> &#8211; <a style=\"color: #333333;\" href=\"http:\/\/sk.wikipedia.org\/wiki\/1955\">1955<\/a> Minisztereln\u00f6k, mivel <a style=\"color: #333333;\" href=\"http:\/\/sk.wikipedia.org\/wiki\/1955\">1955<\/a> Az \u00c9szak-Vietnami Demokratikus K\u00f6zt\u00e1rsas\u00e1g eln\u00f6ke hal\u00e1l\u00e1ig, de Vietnam egyes\u00edt\u00e9s\u00e9t m\u00e1r nem \u00e9rte meg.<span class=\"Apple-converted-space\">\u00a0<\/span><\/span><\/p>\n<p style=\"text-align: center;\"><img loading=\"lazy\" decoding=\"async\" class=\"alignnone wp-image-2916\" src=\"https:\/\/soleylingo.sk\/wp-content\/uploads\/2025\/01\/DSC03994-300x225.jpg\" alt=\"\" width=\"402\" height=\"301\" srcset=\"https:\/\/soleylingo.sk\/wp-content\/uploads\/2025\/01\/DSC03994-300x225.jpg 300w, https:\/\/soleylingo.sk\/wp-content\/uploads\/2025\/01\/DSC03994-1024x768.jpg 1024w, https:\/\/soleylingo.sk\/wp-content\/uploads\/2025\/01\/DSC03994-768x576.jpg 768w, https:\/\/soleylingo.sk\/wp-content\/uploads\/2025\/01\/DSC03994-1536x1152.jpg 1536w, https:\/\/soleylingo.sk\/wp-content\/uploads\/2025\/01\/DSC03994-2048x1536.jpg 2048w, https:\/\/soleylingo.sk\/wp-content\/uploads\/2025\/01\/DSC03994-16x12.jpg 16w, https:\/\/soleylingo.sk\/wp-content\/uploads\/2025\/01\/DSC03994-600x450.jpg 600w\" sizes=\"(max-width: 402px) 100vw, 402px\" \/> \u00a0<img loading=\"lazy\" decoding=\"async\" class=\"alignnone size-medium wp-image-2917\" src=\"https:\/\/soleylingo.sk\/wp-content\/uploads\/2025\/01\/IMG_1217-225x300.jpeg\" alt=\"\" width=\"225\" height=\"300\" srcset=\"https:\/\/soleylingo.sk\/wp-content\/uploads\/2025\/01\/IMG_1217-225x300.jpeg 225w, https:\/\/soleylingo.sk\/wp-content\/uploads\/2025\/01\/IMG_1217-768x1024.jpeg 768w, https:\/\/soleylingo.sk\/wp-content\/uploads\/2025\/01\/IMG_1217-1152x1536.jpeg 1152w, https:\/\/soleylingo.sk\/wp-content\/uploads\/2025\/01\/IMG_1217-1536x2048.jpeg 1536w, https:\/\/soleylingo.sk\/wp-content\/uploads\/2025\/01\/IMG_1217-9x12.jpeg 9w, https:\/\/soleylingo.sk\/wp-content\/uploads\/2025\/01\/IMG_1217-600x800.jpeg 600w, https:\/\/soleylingo.sk\/wp-content\/uploads\/2025\/01\/IMG_1217-scaled.jpeg 1920w\" sizes=\"(max-width: 225px) 100vw, 225px\" \/> \u00a0<img loading=\"lazy\" decoding=\"async\" class=\"alignnone size-medium wp-image-2918\" src=\"https:\/\/soleylingo.sk\/wp-content\/uploads\/2025\/01\/DSC03948a-225x300.jpg\" alt=\"\" width=\"225\" height=\"300\" srcset=\"https:\/\/soleylingo.sk\/wp-content\/uploads\/2025\/01\/DSC03948a-225x300.jpg 225w, https:\/\/soleylingo.sk\/wp-content\/uploads\/2025\/01\/DSC03948a-768x1024.jpg 768w, https:\/\/soleylingo.sk\/wp-content\/uploads\/2025\/01\/DSC03948a-1152x1536.jpg 1152w, https:\/\/soleylingo.sk\/wp-content\/uploads\/2025\/01\/DSC03948a-9x12.jpg 9w, https:\/\/soleylingo.sk\/wp-content\/uploads\/2025\/01\/DSC03948a-600x800.jpg 600w, https:\/\/soleylingo.sk\/wp-content\/uploads\/2025\/01\/DSC03948a.jpg 1536w\" sizes=\"(max-width: 225px) 100vw, 225px\" \/><\/p>\n<p><span style=\"color: #333333;\">A Kommunista P\u00e1rt jelenleg pragmatikus elvet k\u00f6vet: egyr\u00e9szt van egy kem\u00e9ny munkarendszer, a szabad v\u00e1llalkoz\u00e1s \u00e9s a kommunista diktat\u00fara, m\u00e1sr\u00e9szt vannak kapitalista eszm\u00e9k, utaz\u00e1si szabads\u00e1g, sajt\u00f3szabads\u00e1g, internet \u00e9s a mag\u00e1nszektor lehets\u00e9ges korl\u00e1toz\u00e1sa is. A p\u00e1rt igyekszik a sz\u00e9les r\u00e9tegek teljes k\u00f6r\u0171 nevel\u00e9s\u00e9t biztos\u00edtani. Enged\u00e9lyezi a \"kar\u00e1csony\" meg\u00fcnnepl\u00e9s\u00e9t, nem folytat vall\u00e1s\u00fcld\u00f6z\u00e9st. A p\u00e1rttags\u00e1gnak el\u0151nyei vannak, \u00e9s folyamatos oktat\u00e1st \u00e9s \u00e1tvil\u00e1g\u00edt\u00e1st ig\u00e9nyel. A p\u00e1rtnak \u00f3ri\u00e1si belesz\u00f3l\u00e1sa van az orsz\u00e1gban, \u00e9s ideol\u00f3giailag nem teljesen igazodik K\u00edn\u00e1hoz. A K\u00edn\u00e1val val\u00f3 \u00f6sszetart\u00e1s csak l\u00e1tsz\u00f3lag l\u00e9tezik, a vietnamiak t\u00f6bb\u00e9-kev\u00e9sb\u00e9 f\u00fcggetlenek akarnak lenni, \u00e9s meg akarj\u00e1k \u0151rizni azt, ami a saj\u00e1t nemzet\u00fck.<\/span><\/p>\n<p><span style=\"color: #333333;\">Vietnamban azonban m\u00e9g mindig t\u00f6bb sz\u00e1z vesztes\u00e9ges v\u00e1llalkoz\u00e1ssal, \u00f3ri\u00e1si korrupci\u00f3val \u00e9s f\u00e9ktelen infl\u00e1ci\u00f3val tal\u00e1lkozhatunk. A GDP n\u00f6veked\u00e9se (nagyon leegyszer\u0171s\u00edtve a brutt\u00f3 hazai term\u00e9k - az orsz\u00e1gban el\u0151\u00e1ll\u00edtott term\u00e9kek \u00e9s ny\u00fajtott szolg\u00e1ltat\u00e1sok \u00e9rt\u00e9ke, \u00e1ltal\u00e1ban egy \u00e9ves id\u0151szak alatt) olyan, mint egy neh\u00e9zkes zongorat\u00e1nc, \u00e9s a gazdas\u00e1gi megszor\u00edt\u00e1sok kem\u00e9nyen s\u00fajtj\u00e1k az orsz\u00e1got.<\/span><\/p>\n<p><span style=\"color: #333333;\"><b>Vietnam War vagy Vietnam War vagy Vietnam Apokalipszis <\/b>- volt <a style=\"color: #333333;\" href=\"http:\/\/sk.wikipedia.org\/wiki\/Vojna\">fegyveres konfliktus<\/a>amely az \u00e9vek k\u00f6z\u00f6tt <a style=\"color: #333333;\" href=\"http:\/\/sk.wikipedia.org\/wiki\/1964\">1964<\/a> a <a style=\"color: #333333;\" href=\"http:\/\/sk.wikipedia.org\/wiki\/1975\">1975<\/a> zajlott, mint egy sz\u00e1razf\u00f6ldi h\u00e1bor\u00fa <a style=\"color: #333333;\" href=\"http:\/\/sk.wikipedia.org\/wiki\/Vietnamsk%25C3%25A1_republika\">D\u00e9l-Vietnam<\/a> \u00e9s hat\u00e1r menti ter\u00fcletek <a style=\"color: #333333;\" href=\"http:\/\/sk.wikipedia.org\/wiki\/Kambod%25C5%25BEa\">Kambodzsa<\/a> a <a style=\"color: #333333;\" href=\"http:\/\/sk.wikipedia.org\/wiki\/Laos\">Lao<\/a>, \u00e9s a l\u00e9gi h\u00e1bor\u00faban <a style=\"color: #333333;\" href=\"http:\/\/sk.wikipedia.org\/wiki\/Vietnamsk%25C3%25A1_demokratick%25C3%25A1_republika\">\u00c9szak-Vietnam<\/a>. A harcol\u00f3 felek: egyr\u00e9szt a Vietnami K\u00f6zt\u00e1rsas\u00e1g - D\u00e9l-Vietnam, USA, Ausztr\u00e1lia, Koreai K\u00f6zt\u00e1rsas\u00e1g, m\u00e1sr\u00e9szt a kommunista \u00e1llamok a Vietnami Demokratikus K\u00f6zt\u00e1rsas\u00e1g - \u00c9szak-Vietnam, a Nemzeti Felszabad\u00edt\u00e1si Front a Vietkong a Szovjetuni\u00f3 \u00e9s K\u00edna t\u00e1mogat\u00e1s\u00e1val. A h\u00e1bor\u00fa 1973-ban az USA konfliktusb\u00f3l val\u00f3 kivonul\u00e1s\u00e1r\u00f3l sz\u00f3l\u00f3 b\u00e9keszerz\u0151d\u00e9s al\u00e1\u00edr\u00e1s\u00e1val, 1975-ben D\u00e9l-Vietnam veres\u00e9g\u00e9vel \u00e9s a kommunista \u00c9szak-Vietnam gy\u0151zelm\u00e9vel v\u00e9gz\u0151d\u00f6tt.<\/span><\/p>\n<p><span style=\"color: #333333;\">A  oldalon. <a style=\"color: #333333;\" href=\"http:\/\/sk.wikipedia.org\/wiki\/Vietnam\">Vietnam<\/a> ez a konfliktus az amerikai h\u00e1bor\u00fa n\u00e9ven ismert. Beavatkoz\u00e1s <a style=\"color: #333333;\" href=\"http:\/\/sk.wikipedia.org\/wiki\/Spojen%25C3%25A9_%25C5%25A1t%25C3%25A1ty\">USA<\/a> a  oldalon. <a style=\"color: #333333;\" href=\"http:\/\/sk.wikipedia.org\/wiki\/Vietnam\">Vietnam<\/a> val\u00f3j\u00e1ban csak a legut\u00f3bbi eszkal\u00e1ci\u00f3ja volt egy harminc \u00e9ve tart\u00f3 fegyveres konfliktusnak, amely a <a style=\"color: #333333;\" href=\"http:\/\/sk.wikipedia.org\/wiki\/1945\">1945<\/a> a  c\u00edmre. <a style=\"color: #333333;\" href=\"http:\/\/sk.wikipedia.org\/wiki\/1946\">1946<\/a> a vietnami felkel\u0151k ellen\u00e1ll\u00e1s\u00e1t, akik a vietnami l\u00e1zad\u00f3k <a style=\"color: #333333;\" href=\"http:\/\/sk.wikipedia.org\/wiki\/Druh%25C3%25A1_svetov%25C3%25A1_vojna\">II. vil\u00e1gh\u00e1bor\u00fa<\/a> harcoltak a jap\u00e1nok ellen, \u00e9s k\u00e9s\u0151bb a tart\u00f3zkod\u00e1s vagy visszat\u00e9r\u00e9s ellen. <a style=\"color: #333333;\" href=\"http:\/\/sk.wikipedia.org\/wiki\/Franc%25C3%25BAzsko\">Francia<\/a> gyarmati uralom. Az amerikai inv\u00e1zi\u00f3t nem a kommunizmus terjed\u00e9s\u00e9nek megakad\u00e1lyoz\u00e1sak\u00e9nt, hanem a nemzet ellen\u0151rz\u00e9s\u00e9re tett k\u00eds\u00e9rletk\u00e9nt \u00e9rt\u00e9kelt\u00e9k. Al\u00e1becs\u00fclt\u00e9k, mert Vietnam ereje \u00f3ri\u00e1si volt.<span class=\"Apple-converted-space\">\u00a0<\/span><\/span><\/p>\n<p style=\"text-align: center;\"><img loading=\"lazy\" decoding=\"async\" class=\"wp-image-2920 alignnone\" src=\"https:\/\/soleylingo.sk\/wp-content\/uploads\/2025\/01\/The_Terror_of_War-300x178.jpg\" alt=\"\" width=\"452\" height=\"268\" srcset=\"https:\/\/soleylingo.sk\/wp-content\/uploads\/2025\/01\/The_Terror_of_War-300x178.jpg 300w, https:\/\/soleylingo.sk\/wp-content\/uploads\/2025\/01\/The_Terror_of_War-1024x608.jpg 1024w, https:\/\/soleylingo.sk\/wp-content\/uploads\/2025\/01\/The_Terror_of_War-768x456.jpg 768w, https:\/\/soleylingo.sk\/wp-content\/uploads\/2025\/01\/The_Terror_of_War-1536x911.jpg 1536w, https:\/\/soleylingo.sk\/wp-content\/uploads\/2025\/01\/The_Terror_of_War-18x12.jpg 18w, https:\/\/soleylingo.sk\/wp-content\/uploads\/2025\/01\/The_Terror_of_War-600x356.jpg 600w, https:\/\/soleylingo.sk\/wp-content\/uploads\/2025\/01\/The_Terror_of_War.jpg 1817w\" sizes=\"(max-width: 452px) 100vw, 452px\" \/> \u00a0<img loading=\"lazy\" decoding=\"async\" class=\"alignnone wp-image-2921\" src=\"https:\/\/soleylingo.sk\/wp-content\/uploads\/2025\/01\/99797930_57089ea0-fe42-40d1-8f83-146c6b379cfc.jpg-300x194.webp\" alt=\"\" width=\"416\" height=\"269\" srcset=\"https:\/\/soleylingo.sk\/wp-content\/uploads\/2025\/01\/99797930_57089ea0-fe42-40d1-8f83-146c6b379cfc.jpg-300x194.webp 300w, https:\/\/soleylingo.sk\/wp-content\/uploads\/2025\/01\/99797930_57089ea0-fe42-40d1-8f83-146c6b379cfc.jpg-18x12.webp 18w, https:\/\/soleylingo.sk\/wp-content\/uploads\/2025\/01\/99797930_57089ea0-fe42-40d1-8f83-146c6b379cfc.jpg-600x387.webp 600w, https:\/\/soleylingo.sk\/wp-content\/uploads\/2025\/01\/99797930_57089ea0-fe42-40d1-8f83-146c6b379cfc.jpg.webp 640w\" sizes=\"(max-width: 416px) 100vw, 416px\" \/><\/p>\n<p style=\"text-align: center;\">a k\u00e9p szerz\u0151je: Nick Ut a k\u00e9p szerz\u0151je: Eddie Adams<\/p>\n<p><span style=\"color: #333333;\"><b><i>Vietnam az amerikai er\u0151 demonstr\u00e1ci\u00f3j\u00e1r\u00f3l sz\u00f3lt.<\/i><\/b><i> A hatalom megnyilv\u00e1nul\u00e1sa a hatalom megnyilv\u00e1nul\u00e1s\u00e1nak kedv\u00e9\u00e9rt. \u00c9s ez a vietnami n\u00e9p szabads\u00e1g\u00e1\u00e9rt folytatott k\u00fczdelemben a kitart\u00e1s \u00e9s a kitart\u00e1s diadalmas cselekedete volt. A trag\u00e9dia azonban az, hogy a h\u00e1bor\u00fat\u00f3l legink\u00e1bb a polg\u00e1ri lakoss\u00e1g szenvedett. A h\u00e1bor\u00fa t\u00f6bb milli\u00f3 halottat, t\u00f6bb ezer s\u00e9r\u00fcltet \u00e9s b\u00e9n\u00e1t hagyott maga ut\u00e1n, \u00e9s gyakorlatilag nem volt olyan vietnami csal\u00e1d, amelyet ne \u00e9rintett volna. Mindazok sz\u00e1m\u00e1ra, akik \u00e1t\u00e9lt\u00e9k \u00e9s t\u00fal\u00e9lt\u00e9k, ez egy \u00e9letre sz\u00f3l\u00f3 traum\u00e1t jelent. A vietnamiak \u00e9s az amerikaiak sz\u00e1m\u00e1ra egyar\u00e1nt. \u00c9s a vegyi \u00e9s biol\u00f3giai fegyverek haszn\u00e1lat\u00e1b\u00f3l ered\u0151 m\u00e9ly pszichol\u00f3giai s\u00e9r\u00fcl\u00e9sekkel, valamint fizikai k\u00f6vetkezm\u00e9nyekkel. <\/i><i>M\u00e9g f\u00e9l \u00e9vsz\u00e1zaddal a konfliktus ut\u00e1n is az Agent Orange nev\u0171 gyomirt\u00f3 szer t\u00f6meges haszn\u00e1lata (50 milli\u00f3 litert haszn\u00e1ltak fel, egy rendk\u00edv\u00fcl m\u00e9rgez\u0151, dioxintartalm\u00fa, n\u00f6v\u00e9nyeket elpuszt\u00edt\u00f3 anyagot, amelyet az amerikai hadsereg a helyi dzsungelek n\u00f6v\u00e9nyvil\u00e1g\u00e1nak elpuszt\u00edt\u00e1s\u00e1ra haszn\u00e1lt, hogy k\u00f6nnyebben bomb\u00e1zhassa az ellens\u00e9ges csapatok b\u00e1zisait \u00e9s ut\u00e1np\u00f3tl\u00e1si \u00fatvonalait) azt eredm\u00e9nyezi, hogy Vietnamban s\u00falyosan fogyat\u00e9kos, sok esetben sz\u00f3 szerint eltorzult csecsem\u0151k sz\u00fcletnek. Az amerikai katon\u00e1k ut\u00f3dai is megszenvedt\u00e9k a k\u00f6vetkezm\u00e9nyeket. A h\u00e1bor\u00fat mi is c<\/i><i>ynic, mert az amerikaiak, a Kelet eg\u00e9sz\u00e9nek vonzereje miatt, hasznot h\u00faztak az emberi szenved\u00e9sb\u0151l. \u00c9s kalandv\u00e1gy\u00f3, rendk\u00edv\u00fcl magabiztos magatart\u00e1sukkal, amelyet a vil\u00e1ghatalmi gy\u0151zelem kult\u00far\u00e1ja t\u00e1pl\u00e1lt, igyekeztek a t\u00f6rv\u00e9nyek felett \u00e1llni.<\/i><\/span><\/p>\n<p><span style=\"color: #333333;\">\u00c9n mondom nektek, nincs k\u00e9nyszer\u00edt\u0151bb ok a b\u00e9k\u00e9re, mint a hiteles szeml\u00e9let a <b>Cu Chi<\/b>! Cu Chi egy 250 km hossz\u00fa f\u00f6ldalatti alag\u00fatrendszer, amelyet a helyi vietnami harcosok k\u00e9zzel, kis lap\u00e1tokkal \u00e1stak, hogy megv\u00e9dj\u00e9k magukat az amerikaiakt\u00f3l. Az eg\u00e9sz f\u00f6ldalatti \u00e9s f\u00f6ld feletti komplexumban k\u00f3rh\u00e1zak, t\u00e1rgyal\u00f3termek, k\u00e9szenl\u00e9ti ter\u00fcletek, konyh\u00e1k, varr\u00f3m\u0171helyek, \u00e9s rengeteg harci kell\u00e9k, csapda, haszn\u00e1lt fegyverek, l\u0151szerek, bomb\u00e1k \u00e9s hatalmas g\u00f6dr\u00f6kben ledobott bomb\u00e1k tal\u00e1lhat\u00f3k. Bizarr \u00e9rzelmekkel teli hely. A tudatoss\u00e1g helye. Az id\u0151 meg\u00e1ll benned, \u00e9s nem gondolsz m\u00e1sra, csak az emberi szenved\u00e9sre, a nehezen l\u00e9legz\u0151 alagutakban rekedt emberekre, akiknek egy darab rizs a t\u00fal\u00e9l\u00e9shez \u00e9s a kitart\u00f3 t\u00fal\u00e9l\u00e9si akaratuk. A sz\u0171k\u00f6s \u00e9rz\u00e9s, a hideg a h\u00e1tukon a kis leveg\u0151tlen alagutakban senkit sem hagyott hidegen.<\/span><\/p>\n<p style=\"text-align: center;\"><img loading=\"lazy\" decoding=\"async\" class=\"alignnone wp-image-2923\" src=\"https:\/\/soleylingo.sk\/wp-content\/uploads\/2025\/01\/DSC04110-300x225.jpg\" alt=\"\" width=\"315\" height=\"236\" srcset=\"https:\/\/soleylingo.sk\/wp-content\/uploads\/2025\/01\/DSC04110-300x225.jpg 300w, https:\/\/soleylingo.sk\/wp-content\/uploads\/2025\/01\/DSC04110-1024x768.jpg 1024w, https:\/\/soleylingo.sk\/wp-content\/uploads\/2025\/01\/DSC04110-768x576.jpg 768w, https:\/\/soleylingo.sk\/wp-content\/uploads\/2025\/01\/DSC04110-1536x1152.jpg 1536w, https:\/\/soleylingo.sk\/wp-content\/uploads\/2025\/01\/DSC04110-2048x1536.jpg 2048w, https:\/\/soleylingo.sk\/wp-content\/uploads\/2025\/01\/DSC04110-16x12.jpg 16w, https:\/\/soleylingo.sk\/wp-content\/uploads\/2025\/01\/DSC04110-600x450.jpg 600w\" sizes=\"(max-width: 315px) 100vw, 315px\" \/> \u00a0<img loading=\"lazy\" decoding=\"async\" class=\"alignnone wp-image-2924\" src=\"https:\/\/soleylingo.sk\/wp-content\/uploads\/2025\/01\/DSC04105-194x300.jpg\" alt=\"\" width=\"154\" height=\"239\" srcset=\"https:\/\/soleylingo.sk\/wp-content\/uploads\/2025\/01\/DSC04105-194x300.jpg 194w, https:\/\/soleylingo.sk\/wp-content\/uploads\/2025\/01\/DSC04105-662x1024.jpg 662w, https:\/\/soleylingo.sk\/wp-content\/uploads\/2025\/01\/DSC04105-768x1188.jpg 768w, https:\/\/soleylingo.sk\/wp-content\/uploads\/2025\/01\/DSC04105-993x1536.jpg 993w, https:\/\/soleylingo.sk\/wp-content\/uploads\/2025\/01\/DSC04105-1324x2048.jpg 1324w, https:\/\/soleylingo.sk\/wp-content\/uploads\/2025\/01\/DSC04105-8x12.jpg 8w, https:\/\/soleylingo.sk\/wp-content\/uploads\/2025\/01\/DSC04105-600x928.jpg 600w, https:\/\/soleylingo.sk\/wp-content\/uploads\/2025\/01\/DSC04105-scaled.jpg 1655w\" sizes=\"(max-width: 154px) 100vw, 154px\" \/> \u00a0<img loading=\"lazy\" decoding=\"async\" class=\"alignnone wp-image-2925\" src=\"https:\/\/soleylingo.sk\/wp-content\/uploads\/2025\/01\/DSC04103-sprievodca-predvadza-umenie-skryvania-289x300.jpg\" alt=\"\" width=\"228\" height=\"237\" srcset=\"https:\/\/soleylingo.sk\/wp-content\/uploads\/2025\/01\/DSC04103-sprievodca-predvadza-umenie-skryvania-289x300.jpg 289w, https:\/\/soleylingo.sk\/wp-content\/uploads\/2025\/01\/DSC04103-sprievodca-predvadza-umenie-skryvania-987x1024.jpg 987w, https:\/\/soleylingo.sk\/wp-content\/uploads\/2025\/01\/DSC04103-sprievodca-predvadza-umenie-skryvania-768x797.jpg 768w, https:\/\/soleylingo.sk\/wp-content\/uploads\/2025\/01\/DSC04103-sprievodca-predvadza-umenie-skryvania-1480x1536.jpg 1480w, https:\/\/soleylingo.sk\/wp-content\/uploads\/2025\/01\/DSC04103-sprievodca-predvadza-umenie-skryvania-12x12.jpg 12w, https:\/\/soleylingo.sk\/wp-content\/uploads\/2025\/01\/DSC04103-sprievodca-predvadza-umenie-skryvania-600x623.jpg 600w, https:\/\/soleylingo.sk\/wp-content\/uploads\/2025\/01\/DSC04103-sprievodca-predvadza-umenie-skryvania.jpg 1873w\" sizes=\"(max-width: 228px) 100vw, 228px\" \/>\u00a0 <img loading=\"lazy\" decoding=\"async\" class=\"alignnone wp-image-2926\" src=\"https:\/\/soleylingo.sk\/wp-content\/uploads\/2025\/01\/DSC04151-225x300.jpg\" alt=\"\" width=\"179\" height=\"238\" srcset=\"https:\/\/soleylingo.sk\/wp-content\/uploads\/2025\/01\/DSC04151-225x300.jpg 225w, https:\/\/soleylingo.sk\/wp-content\/uploads\/2025\/01\/DSC04151-768x1024.jpg 768w, https:\/\/soleylingo.sk\/wp-content\/uploads\/2025\/01\/DSC04151-1152x1536.jpg 1152w, https:\/\/soleylingo.sk\/wp-content\/uploads\/2025\/01\/DSC04151-1536x2048.jpg 1536w, https:\/\/soleylingo.sk\/wp-content\/uploads\/2025\/01\/DSC04151-9x12.jpg 9w, https:\/\/soleylingo.sk\/wp-content\/uploads\/2025\/01\/DSC04151-600x800.jpg 600w, https:\/\/soleylingo.sk\/wp-content\/uploads\/2025\/01\/DSC04151-scaled.jpg 1920w\" sizes=\"(max-width: 179px) 100vw, 179px\" \/><\/p>\n<p><span style=\"color: #333333;\"><i>Ez egy aszimmetrikus h\u00e1bor\u00fa volt, egy \u00e9vtizednyi, szinte mindennapos er\u0151szak, a leghevesebb \u00f6sszecsap\u00e1s \u00e9s a legv\u00e9resebb trag\u00e9dia, amit csak el lehet k\u00e9pzelni. Egy r\u00e9m\u00e1lom. Egy embertelen h\u00e1bor\u00fa. Egy gigantikus g\u00e9pezetr\u0151l, amely az \u00f6sszes fegyvert tartalmazta, amit a fegyveripar akkoriban k\u00edn\u00e1lni tudott, kiv\u00e9ve az atombomb\u00e1t. A frusztr\u00e1ci\u00f3, a kimer\u00fclts\u00e9g \u00e9s a tehetetlens\u00e9g ki\u00e1rad\u00e1sa az \u00e1rtatlan vietnami lakoss\u00e1gra. A napalm mint az amerikaiak vietnami b\u0171neinek szimb\u00f3luma (A napalm benzin \u00e9s \u00e9ghet\u0151 anyagok lassan \u00e9g\u0151 kever\u00e9ke, amely bes\u0171r\u00edti a kever\u00e9ket. Szinte lehetetlen eloltani. Olyan fegyver, amely abszol\u00fat mindent \u00e9s mindenkit el\u00e9get, \u00e9s aki nem \u00e9g el, az oxig\u00e9nhi\u00e1ny miatt meghal. 400 000 tonn\u00e1t dobtak le bel\u0151le vietnami f\u00f6ldre).<\/i><\/span><\/p>\n<p><span style=\"color: #333333;\"><i>Az amerikai katon\u00e1k nagy elv\u00e1r\u00e1sokkal l\u00e9ptek be a h\u00e1bor\u00faba, de nem tudtak megfelelni nekik. Nem jogos erk\u00f6lcsi okokkal. \u00c9s ugyanakkor nagy naivit\u00e1ssal. Sz\u00e1mukra az amerikai koncepci\u00f3 \u00fctk\u00f6z\u00f6tt a birodalomellenes ellen\u00e1ll\u00e1s megnyilv\u00e1nul\u00e1s\u00e1nak kor\u00e1bban elk\u00e9pzelhetetlen erej\u00e9vel, a vietnami harcosok \u00e9s civilek pszichol\u00f3giai erej\u00e9vel, amelyet - mint k\u00e9s\u0151bb meg\u00e9rtett\u00e9k - soha nem lehetett al\u00e1becs\u00fclni.<\/i><\/span><\/p>\n<p><span style=\"color: #333333;\"><i>\u00cdgy v\u00e1ltak val\u00f3ra Ch. de Gaulle szavai, aki m\u00e1r J. F. Kennedynek megj\u00f3solta, hogy az USA l\u00e9p\u00e9sr\u0151l l\u00e9p\u00e9sre egy feneketlen katonai \u00e9s politikai mocs\u00e1rba fog zuhanni.<\/i><\/span><\/p>\n<p><span style=\"color: #333333;\">A vietnami id\u0151k egyszer s mindenkorra megv\u00e1ltoztak. B\u00e1r a h\u00e1bor\u00fa, annak \u00e9rintetts\u00e9ge \u00e9s visszhangja m\u00e9g mindig ennek az orsz\u00e1gnak a legnagyobb \"eml\u00e9ke\", az \u00fcdv\u00f6s term\u00e9szet egyed\u00fcl\u00e1ll\u00f3an sz\u00e9p, csod\u00e1latos maradt, \u00e9s ezzel a sz\u00e9ps\u00e9ggel, jobban, mint b\u00e1rhol m\u00e1shol a vil\u00e1gon, l\u00e1that\u00f3v\u00e1 teszi gy\u0151zelm\u00e9t. V\u00e9gtelen ter\u00e9ben felaj\u00e1nlotta sz\u00e1munkra a lehet\u0151s\u00e9get, hogy szellemi vonal\u00e1n, vagyis abban a dimenzi\u00f3ban \u00e9rz\u00e9kelj\u00fck magunkat, amely meghat\u00e1rozza embers\u00e9g\u00fcnket \u00e9s predesztin\u00e1l benn\u00fcnket az egzisztenci\u00e1lis szabads\u00e1gra.<\/span><\/p>\n<p><span style=\"color: #333333;\">Vietnam egyszer\u0171en gy\u00f6ny\u00f6r\u0171 volt, \u00e9s minden egyes visszatekint\u0151 perc, ami vele kapcsolatos, egy k\u00fcl\u00f6nlegesen sz\u00e9p orchide\u00e1t tesz a hajamba \u00e9s egy k\u00fcl\u00f6nlegesen sz\u00e9p l\u00f3tuszvir\u00e1got a kezembe. Mosolyt csal, melegs\u00e9get hoz, \u00e9s kiegyens\u00falyozza a gondolatokat, amelyek a legfontosabb navig\u00e1torai saj\u00e1t \u00e9let\u00fcnknek.<span class=\"Apple-converted-space\">\u00a0<\/span><\/span><\/p>\n<p style=\"text-align: right;\"><em><strong>Ing. Zuzana Z\u00e1horanov\u00e1<\/strong><\/em><\/p>\n<p style=\"text-align: center;\"><img loading=\"lazy\" decoding=\"async\" class=\"alignnone size-medium wp-image-2929\" src=\"https:\/\/soleylingo.sk\/wp-content\/uploads\/2025\/01\/pexels-rozanova-3024607-300x200.jpg\" alt=\"\" width=\"300\" height=\"200\" srcset=\"https:\/\/soleylingo.sk\/wp-content\/uploads\/2025\/01\/pexels-rozanova-3024607-300x200.jpg 300w, https:\/\/soleylingo.sk\/wp-content\/uploads\/2025\/01\/pexels-rozanova-3024607-1024x684.jpg 1024w, https:\/\/soleylingo.sk\/wp-content\/uploads\/2025\/01\/pexels-rozanova-3024607-768x513.jpg 768w, https:\/\/soleylingo.sk\/wp-content\/uploads\/2025\/01\/pexels-rozanova-3024607-1536x1025.jpg 1536w, https:\/\/soleylingo.sk\/wp-content\/uploads\/2025\/01\/pexels-rozanova-3024607-2048x1367.jpg 2048w, https:\/\/soleylingo.sk\/wp-content\/uploads\/2025\/01\/pexels-rozanova-3024607-18x12.jpg 18w, https:\/\/soleylingo.sk\/wp-content\/uploads\/2025\/01\/pexels-rozanova-3024607-600x401.jpg 600w\" sizes=\"(max-width: 300px) 100vw, 300px\" \/> \u00a0<img loading=\"lazy\" decoding=\"async\" class=\"alignnone size-medium wp-image-2930\" src=\"https:\/\/soleylingo.sk\/wp-content\/uploads\/2025\/01\/pexels-qhung999-2965773-300x197.jpg\" alt=\"\" width=\"300\" height=\"197\" srcset=\"https:\/\/soleylingo.sk\/wp-content\/uploads\/2025\/01\/pexels-qhung999-2965773-300x197.jpg 300w, https:\/\/soleylingo.sk\/wp-content\/uploads\/2025\/01\/pexels-qhung999-2965773-1024x673.jpg 1024w, https:\/\/soleylingo.sk\/wp-content\/uploads\/2025\/01\/pexels-qhung999-2965773-768x505.jpg 768w, https:\/\/soleylingo.sk\/wp-content\/uploads\/2025\/01\/pexels-qhung999-2965773-1536x1010.jpg 1536w, https:\/\/soleylingo.sk\/wp-content\/uploads\/2025\/01\/pexels-qhung999-2965773-2048x1347.jpg 2048w, https:\/\/soleylingo.sk\/wp-content\/uploads\/2025\/01\/pexels-qhung999-2965773-18x12.jpg 18w, https:\/\/soleylingo.sk\/wp-content\/uploads\/2025\/01\/pexels-qhung999-2965773-600x395.jpg 600w\" sizes=\"(max-width: 300px) 100vw, 300px\" \/> \u00a0<img loading=\"lazy\" decoding=\"async\" class=\"alignnone size-medium wp-image-2931\" src=\"https:\/\/soleylingo.sk\/wp-content\/uploads\/2025\/01\/pexels-naeem-mayet-1156359-3388217-300x200.jpg\" alt=\"\" width=\"300\" height=\"200\" srcset=\"https:\/\/soleylingo.sk\/wp-content\/uploads\/2025\/01\/pexels-naeem-mayet-1156359-3388217-300x200.jpg 300w, https:\/\/soleylingo.sk\/wp-content\/uploads\/2025\/01\/pexels-naeem-mayet-1156359-3388217-1024x683.jpg 1024w, https:\/\/soleylingo.sk\/wp-content\/uploads\/2025\/01\/pexels-naeem-mayet-1156359-3388217-768x512.jpg 768w, https:\/\/soleylingo.sk\/wp-content\/uploads\/2025\/01\/pexels-naeem-mayet-1156359-3388217-1536x1024.jpg 1536w, https:\/\/soleylingo.sk\/wp-content\/uploads\/2025\/01\/pexels-naeem-mayet-1156359-3388217-2048x1365.jpg 2048w, https:\/\/soleylingo.sk\/wp-content\/uploads\/2025\/01\/pexels-naeem-mayet-1156359-3388217-18x12.jpg 18w, https:\/\/soleylingo.sk\/wp-content\/uploads\/2025\/01\/pexels-naeem-mayet-1156359-3388217-600x400.jpg 600w\" sizes=\"(max-width: 300px) 100vw, 300px\" \/><\/p>","protected":false},"excerpt":{"rendered":"<p>Ez a kapitalizmus t\u00f6rt\u00e9nete egy olyan orsz\u00e1gban, amely pap\u00edron kommunista marad. Ez egy olyan orsz\u00e1g t\u00f6rt\u00e9nete, amelynek arc\u00e1t m\u00e9g mindig a val\u00f3di h\u00e1bor\u00fa hat\u00e1rozza meg, egy olyan orsz\u00e1g\u00e9, amely a h\u00e1bor\u00fas eml\u00e9kek m\u00fazeuma, \u00e9s amelyet \u00f6r\u00f6kre \"Ho b\u00e1csihoz\" fognak k\u00f6tni. Egy olyan orsz\u00e1g t\u00f6rt\u00e9nete, ahol tiszt\u00e1n hallhat\u00f3 az \u0151si term\u00e9szet tiszta hangja, a kem\u00e9ny munka \u00e9rz\u00e9se, \u00e9s ahol minden emberi \u00e9rz\u00e9kszerv \u00fcnnepli az \u00fcnnepet.  Egy t\u00f6rt\u00e9net, amely [...]<\/p>","protected":false},"author":2,"featured_media":2885,"comment_status":"open","ping_status":"open","sticky":false,"template":"","format":"standard","meta":{"_seopress_robots_primary_cat":"none","_seopress_titles_title":"","_seopress_titles_desc":"","_seopress_robots_index":"","site-sidebar-layout":"default","site-content-layout":"","ast-site-content-layout":"default","site-content-style":"default","site-sidebar-style":"default","ast-global-header-display":"","ast-banner-title-visibility":"","ast-main-header-display":"","ast-hfb-above-header-display":"","ast-hfb-below-header-display":"","ast-hfb-mobile-header-display":"","site-post-title":"","ast-breadcrumbs-content":"","ast-featured-img":"","footer-sml-layout":"","theme-transparent-header-meta":"default","adv-header-id-meta":"","stick-header-meta":"","header-above-stick-meta":"","header-main-stick-meta":"","header-below-stick-meta":"","astra-migrate-meta-layouts":"set","ast-page-background-enabled":"default","ast-page-background-meta":{"desktop":{"background-color":"","background-image":"","background-repeat":"repeat","background-position":"center center","background-size":"auto","background-attachment":"scroll","background-type":"","background-media":"","overlay-type":"","overlay-color":"","overlay-gradient":""},"tablet":{"background-color":"","background-image":"","background-repeat":"repeat","background-position":"center center","background-size":"auto","background-attachment":"scroll","background-type":"","background-media":"","overlay-type":"","overlay-color":"","overlay-gradient":""},"mobile":{"background-color":"","background-image":"","background-repeat":"repeat","background-position":"center center","background-size":"auto","background-attachment":"scroll","background-type":"","background-media":"","overlay-type":"","overlay-color":"","overlay-gradient":""}},"ast-content-background-meta":{"desktop":{"background-color":"var(--ast-global-color-5)","background-image":"","background-repeat":"repeat","background-position":"center center","background-size":"auto","background-attachment":"scroll","background-type":"","background-media":"","overlay-type":"","overlay-color":"","overlay-gradient":""},"tablet":{"background-color":"var(--ast-global-color-5)","background-image":"","background-repeat":"repeat","background-position":"center center","background-size":"auto","background-attachment":"scroll","background-type":"","background-media":"","overlay-type":"","overlay-color":"","overlay-gradient":""},"mobile":{"background-color":"var(--ast-global-color-5)","background-image":"","background-repeat":"repeat","background-position":"center center","background-size":"auto","background-attachment":"scroll","background-type":"","background-media":"","overlay-type":"","overlay-color":"","overlay-gradient":""}},"pgc_sgb_lightbox_settings":"","footnotes":""},"categories":[26],"tags":[],"class_list":["post-2883","post","type-post","status-publish","format-standard","has-post-thumbnail","hentry","category-soley-blog"],"_links":{"self":[{"href":"https:\/\/soleylingo.sk\/hu\/wp-json\/wp\/v2\/posts\/2883","targetHints":{"allow":["GET"]}}],"collection":[{"href":"https:\/\/soleylingo.sk\/hu\/wp-json\/wp\/v2\/posts"}],"about":[{"href":"https:\/\/soleylingo.sk\/hu\/wp-json\/wp\/v2\/types\/post"}],"author":[{"embeddable":true,"href":"https:\/\/soleylingo.sk\/hu\/wp-json\/wp\/v2\/users\/2"}],"replies":[{"embeddable":true,"href":"https:\/\/soleylingo.sk\/hu\/wp-json\/wp\/v2\/comments?post=2883"}],"version-history":[{"count":27,"href":"https:\/\/soleylingo.sk\/hu\/wp-json\/wp\/v2\/posts\/2883\/revisions"}],"predecessor-version":[{"id":2939,"href":"https:\/\/soleylingo.sk\/hu\/wp-json\/wp\/v2\/posts\/2883\/revisions\/2939"}],"wp:featuredmedia":[{"embeddable":true,"href":"https:\/\/soleylingo.sk\/hu\/wp-json\/wp\/v2\/media\/2885"}],"wp:attachment":[{"href":"https:\/\/soleylingo.sk\/hu\/wp-json\/wp\/v2\/media?parent=2883"}],"wp:term":[{"taxonomy":"category","embeddable":true,"href":"https:\/\/soleylingo.sk\/hu\/wp-json\/wp\/v2\/categories?post=2883"},{"taxonomy":"post_tag","embeddable":true,"href":"https:\/\/soleylingo.sk\/hu\/wp-json\/wp\/v2\/tags?post=2883"}],"curies":[{"name":"wp","href":"https:\/\/api.w.org\/{rel}","templated":true}]}}