{"id":2645,"date":"2024-11-22T16:52:00","date_gmt":"2024-11-22T15:52:00","guid":{"rendered":"https:\/\/soleylingo.sk\/?p=2645"},"modified":"2024-11-22T18:00:21","modified_gmt":"2024-11-22T17:00:21","slug":"zem-ohna-a-ladu-island","status":"publish","type":"post","link":"https:\/\/soleylingo.sk\/hu\/zem-ohna-a-ladu-island\/","title":{"rendered":"A t\u0171z \u00e9s j\u00e9g f\u00f6ldje: Izland"},"content":{"rendered":"<p><b>Izland k\u00e9t arc\u00e1t l\u00e1ttam<\/b><\/p>\n<p><i>Nem hozhatod haza egy m\u00e1sik vil\u00e1g egy darabj\u00e1t, nem \u00e9rezheted magad otthon ugyan\u00fagy, ahogyan k\u00f6zvetlen kapcsolatban vagy azzal a hellyel, ahol most vagy, \u00e9s amit \u00e9ppen \u00e9rz\u00e9kelsz, nem \u00e9rz\u00e9kelheted magad otthon egyed\u00fcl ugyan\u00fagy, ahogyan a t\u00f6rt\u00e9netedet alkot\u00f3 konkr\u00e9t emberekkel \u00e9rz\u00e9keled, de mindezt csendben a sz\u00edvedben, m\u00e9ly eml\u00e9kekben \u00e9s a hat\u00e1rtalan lehet\u0151s\u00e9gekben, amelyek ut\u00e1n b\u00e1rmikor ny\u00falhatsz, amikor csak akarsz.<\/i><\/p>\n<p><i>Az form\u00e1l minket, ahol most vagyunk, azt \u00e9rezz\u00fck, amit most l\u00e1tunk, \u00e9s az emberek, akikkel most egy\u00fctt vagyunk, befoly\u00e1solnak minket.<\/i><\/p>\n<p>Izland f\u00f6ldje tele van mond\u00e1kkal. A sz\u00e9l \u00e9s az \u00f3ce\u00e1n hull\u00e1mai \u00e1ltal s\u00fajtott sz\u00e1razf\u00f6ldi enkl\u00e1v\u00e9, amelyet nem az ember ural, hanem a term\u00e9szet dikt\u00e1lja az arc\u00e1t \u00e9s a t\u00e1j\u00e9koz\u00f3d\u00e1s\u00e1t. A viking korszak szigete, amely k\u00e9t fokkal d\u00e9lre fekszik a sarkk\u00f6rt\u0151l. F\u00f6ldrajzi jelens\u00e9g. Egy gy\u00f6ny\u00f6r\u0171, dinamikus, dr\u00e1mai, n\u00e9ha sz\u00fcrre\u00e1lis Izland.<\/p>\n<p>A F\u00f6ld annyira szerelmes bel\u00e9m. A f\u00f6ld k\u00e9tszeresen megaj\u00e1nd\u00e9kozott, a f\u00f6ld k\u00e9tszeresen tan\u00edtott. Megl\u00e1togattam Izlandot a <i>a legintenz\u00edvebb ny\u00e1r<\/i> a legsz\u00e9lesebb sz\u00ednpalett\u00e1j\u00e1t \u00e9rz\u00e9kelve, \u00e9s Izlandot a legsz\u00e9lesebb sz\u00ednpalett\u00e1j\u00e1n l\u00e1togattam meg. <i>a legintenz\u00edvebb t\u00e9l<\/i> \u00e9rz\u00e9kelve annak szigor\u00fa, csendes k\u00e9tt\u00f3nus\u00fas\u00e1g\u00e1t. \u00c9s Izland, a maga nagylelk\u0171 sz\u00e9ps\u00e9g\u00e9vel megtan\u00edtott arra, hogy egy l\u00e9legzetv\u00e9telnyi id\u0151 alatt \u00f6sszeolvadjak vele, ak\u00e1rhogy is legyen. Arr\u00f3l az \u00e1llapotr\u00f3l besz\u00e9lek, amikor a sz\u00e9ps\u00e9g l\u00e1tv\u00e1nya \u00e9s \u00e9rz\u00e9se el\u0151sz\u00f6r \u00f6sszeszor\u00edtja a mellkast, lassan lesz\u0171k\u00edti a sz\u00f3v\u00e1laszt\u00e1st, m\u00edg v\u00e9g\u00fcl teljesen kimossa a sz\u00e1jb\u00f3l, \u00e9s a kommunik\u00e1ci\u00f3 csak csendben, al\u00e1zatban, tudatoss\u00e1gban folyik tov\u00e1bb. Minden, ami marad\u00e9k \u00e9s felesleges, kisz\u0171r\u0151dik. Az izlandi term\u00e9szet k\u00e9pes megnyitni a sz\u00edvet, bez\u00e1rni a sz\u00e1jat, \u00f6sszpontos\u00edtani a figyelmet... am\u00edg csak az igazs\u00e1g marad...<\/p>\n<p><img fetchpriority=\"high\" decoding=\"async\" class=\"wp-image-2650 aligncenter\" src=\"https:\/\/soleylingo.sk\/wp-content\/uploads\/2024\/11\/IMG_4118-300x145.jpeg\" alt=\"\" width=\"965\" height=\"466\" srcset=\"https:\/\/soleylingo.sk\/wp-content\/uploads\/2024\/11\/IMG_4118-300x145.jpeg 300w, https:\/\/soleylingo.sk\/wp-content\/uploads\/2024\/11\/IMG_4118-1024x494.jpeg 1024w, https:\/\/soleylingo.sk\/wp-content\/uploads\/2024\/11\/IMG_4118-768x370.jpeg 768w, https:\/\/soleylingo.sk\/wp-content\/uploads\/2024\/11\/IMG_4118-1536x740.jpeg 1536w, https:\/\/soleylingo.sk\/wp-content\/uploads\/2024\/11\/IMG_4118-2048x987.jpeg 2048w, https:\/\/soleylingo.sk\/wp-content\/uploads\/2024\/11\/IMG_4118-18x9.jpeg 18w, https:\/\/soleylingo.sk\/wp-content\/uploads\/2024\/11\/IMG_4118-600x289.jpeg 600w\" sizes=\"(max-width: 965px) 100vw, 965px\" \/><\/p>\n<p>Izland egyik legfens\u00e9gesebb jelens\u00e9ge a h\u00e9tsz\u00e1zezer \u00e9ves Sn\u00e6fellsj\u00f6kull vulk\u00e1n, amely 1864 \u00f3ta irodalmi szempontb\u00f3l is h\u00edres, mivel Jules Verne az \"Utaz\u00e1s a F\u00f6ld k\u00f6z\u00e9ppontj\u00e1ba\" c\u00edm\u0171 m\u0171v\u00e9ben a F\u00f6ld k\u00f6z\u00e9ppontj\u00e1ba vezet\u0151 bej\u00e1ratk\u00e9nt haszn\u00e1lta. \u00cdgy \u00e9n is hagyom magam elragadtatni, \u00e9s bel\u00e9pek a vulk\u00e1n kr\u00e1ter\u00e9n kereszt\u00fcl, hogy meg\u00edrjam Izland var\u00e1zslatos, szik\u00e1r vil\u00e1g\u00e1nak szem\u00e9lyes t\u00f6rt\u00e9net\u00e9t.<span class=\"Apple-converted-space\">\u00a0<\/span><\/p>\n<p>Ahogyan az orvosnak egy betegs\u00e9g teljes lefoly\u00e1s\u00e1t kell vizsg\u00e1lnia, nem csak annak utols\u00f3 szakasz\u00e1nak megnyilv\u00e1nul\u00e1sait, \u00fagy Izland geol\u00f3gi\u00e1j\u00e1t \u00e9s n\u00e9p\u00e9nek \u00e9let\u00e9t is az \u00e9vmilli\u00f3k lenyomatainak hossz\u00fa t\u00f6rt\u00e9nelm\u00e9n kereszt\u00fcl kell vizsg\u00e1lni, mert az m\u00e9g mindig rendk\u00edv\u00fcli von\u00e1sokat \u00e9s nyomokat hagy az izlandiak \u00e9s \u00e1ltal\u00e1ban Izland arc\u00e1n.<span class=\"Apple-converted-space\">\u00a0<\/span><\/p>\n<p>F\u00f6ldtani szempontb\u00f3l Izland k\u00e9t tektonikus lemez, az \u00e9szak-amerikai \u00e9s az eur\u00e1zsiai lemez sz\u00e9tv\u00e1l\u00e1s\u00e1val alakult ki. Eur\u00f3pa r\u00e9sz\u00e9nek tekintik, \u00e9s a Jeges-tenger \u00e9s az Atlanti-\u00f3ce\u00e1n veszi k\u00f6r\u00fcl.<\/p>\n<p>Izland felfedez\u0151je Thorvald Asvaldsson volt - Erik Thorvaldsson, a V\u00f6r\u00f6s Erik n\u00e9ven ismert h\u00edres viking tenger\u00e9sz apja. Thorvald apj\u00e1t gyilkoss\u00e1g v\u00e9tke miatt sz\u00e1m\u0171zt\u00e9k Norv\u00e9gi\u00e1b\u00f3l,<span class=\"Apple-converted-space\">\u00a0<\/span>A fia, Erik akkoriban k\u00f6r\u00fclbel\u00fcl t\u00edz\u00e9ves volt, ez\u00e9rt Norv\u00e9gi\u00e1t\u00f3l nyugatra haj\u00f3zott, am\u00edg csal\u00e1dj\u00e1val sz\u00e1razf\u00f6ldet nem \u00e9rt. <i>Izlandi<\/i>. Az Izland \u00e9szaknyugati r\u00e9sz\u00e9n fekv\u0151 Hornstrandirban telepedett le. Erik k\u00e9s\u0151bb felfedezte \u00e9s felfedez\u0151\u00fatjai sor\u00e1n felfedezte Gr\u00f6nland d\u00e9li partvid\u00e9k\u00e9t. V\u00f6r\u00f6s Erik fia a norv\u00e9g viking Leif Eriksson volt, aki az izlandi monda szerint az els\u0151 eur\u00f3pai volt, aki \u00c9szak-Amerika f\u00f6ldj\u00e9re l\u00e9pett, j\u00f3val azel\u0151tt, hogy Kolumbusz Krist\u00f3f mintegy \u00f6tsz\u00e1z \u00e9vvel k\u00e9s\u0151bb felfedezte volna azt. Leif ezut\u00e1n gyarmatos\u00edtotta Izlandot \u00e9s Gr\u00f6nlandot is.<\/p>\n<p>Tengerj\u00e1r\u00f3 t\u00f6rt\u00e9nelem, rokons\u00e1g a tengerrel, er\u0151s, rettenthetetlen, felfegyverzett, tetov\u00e1lt vikingek kora, \u00faj ter\u00fcletek felfedez\u00e9se, gyarmatos\u00edtott n\u00e9p, vil\u00e1gos vagy s\u00f6t\u00e9t man\u00f3k, koboldok, trollok, akik napnyugta ut\u00e1n b\u00fajnak el\u0151 rejtekhelyeikr\u0151l, valamint a hegygerincek leny\u0171g\u00f6z\u0151 geol\u00f3giai t\u00f6rt\u00e9nete, a fjordok, gleccserfoltok, vad foly\u00f3k, rohan\u00f3 v\u00edzes\u00e9sek, szunnyad\u00f3 vagy akt\u00edv vulk\u00e1nok, \u00e1thatolhatatlan k\u00f6d, hal\u00e1los l\u00e1va \u00e9s hamu, geotermikus forr\u00e1sok, leny\u0171g\u00f6z\u0151 n\u00f6v\u00e9ny- \u00e9s \u00e1llatvil\u00e1g, mindez egyetlen hatalmas szimbi\u00f3zis az izlandi \u00e9let jelenlegi megnyilv\u00e1nul\u00e1saib\u00f3l.<\/p>\n<p style=\"text-align: center;\"><img decoding=\"async\" class=\"alignnone wp-image-2655\" src=\"https:\/\/soleylingo.sk\/wp-content\/uploads\/2024\/11\/DSC03191-300x200.jpg\" alt=\"\" width=\"269\" height=\"179\" srcset=\"https:\/\/soleylingo.sk\/wp-content\/uploads\/2024\/11\/DSC03191-300x200.jpg 300w, https:\/\/soleylingo.sk\/wp-content\/uploads\/2024\/11\/DSC03191-1024x684.jpg 1024w, https:\/\/soleylingo.sk\/wp-content\/uploads\/2024\/11\/DSC03191-768x513.jpg 768w, https:\/\/soleylingo.sk\/wp-content\/uploads\/2024\/11\/DSC03191-1536x1026.jpg 1536w, https:\/\/soleylingo.sk\/wp-content\/uploads\/2024\/11\/DSC03191-2048x1368.jpg 2048w, https:\/\/soleylingo.sk\/wp-content\/uploads\/2024\/11\/DSC03191-18x12.jpg 18w, https:\/\/soleylingo.sk\/wp-content\/uploads\/2024\/11\/DSC03191-600x401.jpg 600w\" sizes=\"(max-width: 269px) 100vw, 269px\" \/>\u00a0 <img decoding=\"async\" class=\"alignnone wp-image-2656\" src=\"https:\/\/soleylingo.sk\/wp-content\/uploads\/2024\/11\/DSC03207-300x200.jpg\" alt=\"\" width=\"270\" height=\"180\" srcset=\"https:\/\/soleylingo.sk\/wp-content\/uploads\/2024\/11\/DSC03207-300x200.jpg 300w, https:\/\/soleylingo.sk\/wp-content\/uploads\/2024\/11\/DSC03207-1024x684.jpg 1024w, https:\/\/soleylingo.sk\/wp-content\/uploads\/2024\/11\/DSC03207-768x513.jpg 768w, https:\/\/soleylingo.sk\/wp-content\/uploads\/2024\/11\/DSC03207-1536x1026.jpg 1536w, https:\/\/soleylingo.sk\/wp-content\/uploads\/2024\/11\/DSC03207-2048x1368.jpg 2048w, https:\/\/soleylingo.sk\/wp-content\/uploads\/2024\/11\/DSC03207-18x12.jpg 18w, https:\/\/soleylingo.sk\/wp-content\/uploads\/2024\/11\/DSC03207-600x401.jpg 600w\" sizes=\"(max-width: 270px) 100vw, 270px\" \/>\u00a0 <img loading=\"lazy\" decoding=\"async\" class=\"alignnone wp-image-2657\" src=\"https:\/\/soleylingo.sk\/wp-content\/uploads\/2024\/11\/DSC03130-300x200.jpg\" alt=\"\" width=\"266\" height=\"177\" srcset=\"https:\/\/soleylingo.sk\/wp-content\/uploads\/2024\/11\/DSC03130-300x200.jpg 300w, https:\/\/soleylingo.sk\/wp-content\/uploads\/2024\/11\/DSC03130-1024x684.jpg 1024w, https:\/\/soleylingo.sk\/wp-content\/uploads\/2024\/11\/DSC03130-768x513.jpg 768w, https:\/\/soleylingo.sk\/wp-content\/uploads\/2024\/11\/DSC03130-1536x1026.jpg 1536w, https:\/\/soleylingo.sk\/wp-content\/uploads\/2024\/11\/DSC03130-2048x1368.jpg 2048w, https:\/\/soleylingo.sk\/wp-content\/uploads\/2024\/11\/DSC03130-18x12.jpg 18w, https:\/\/soleylingo.sk\/wp-content\/uploads\/2024\/11\/DSC03130-600x401.jpg 600w\" sizes=\"(max-width: 266px) 100vw, 266px\" \/><\/p>\n<p>Amikor el\u0151sz\u00f6r j\u00e1rtam Izlandon, egy nagyszer\u0171 utaz\u00e1si iroda szervez\u00e9s\u00e9ben \u00e9s \u00e9gisze alatt egy kis bar\u00e1ti t\u00e1rsas\u00e1gban tettem v\u00e1rosn\u00e9z\u0151 kir\u00e1ndul\u00e1st. Egyik tagja, mint idegenvezet\u0151nk, hamar a vid\u00e1m t\u00e1rsas\u00e1g t\u00f6m\u00f6r r\u00e9sz\u00e9v\u00e9 v\u00e1lt, \u00e9s egy\u00fctt val\u00f3ban gy\u00f6ny\u00f6r\u0171 napokat \u00e9lt\u00fcnk \u00e1t az izlandi term\u00e9szet \u00e9s annak legjellegzetesebb csod\u00e1inak felfedez\u00e9s\u00e9ben. Szervezetten, k\u00f6z\u00f6sen, tervezetten, a legjobb id\u0151j\u00e1r\u00e1s, id\u0151, k\u00f6zleked\u00e9si eszk\u00f6z, sz\u00e1ll\u00e1s, sz\u00e1ll\u00e1shely szerint, minden kock\u00e1zatot, bonyodalmat minimaliz\u00e1lva, a legjobb k\u00e9nyelemben, amit az orsz\u00e1gban el lehetett \u00e9rni. <i>Ny\u00e1ron <\/i>Az izlandi t\u00fcnd\u00e9rmese annyi sz\u00ednt \u00e9s illatot var\u00e1zsolt el\u00e9nk a f\u00f6ld, a v\u00edz, a leveg\u0151, az \u00e9g, a nap, a var\u00e1zslatos sziget panor\u00e1m\u00e1ja, hogy neh\u00e9z volt mindent elhinni, magunkba sz\u00edvni \u00e9s a csod\u00e1latos \u00e9lm\u00e9nyek k\u00e9pzeletbeli \"fi\u00f3kj\u00e1ba\" tenni. Hiszen a hegyek hatalmas, sz\u00e9tter\u00fcl\u0151, n\u00e9ma, z\u00f6ldes-barna h\u00e1ta, a benn\u00fck h\u00faz\u00f3d\u00f3 bar\u00e1zd\u00e1k, a Sziv\u00e1rv\u00e1ny- \u00e9s Var\u00e1zshegys\u00e9g massz\u00edv, vulk\u00e1ni tev\u00e9kenys\u00e9g nyomaival festett hegyi domborzatai, a vulk\u00e1nok kr\u00e1terei, a Vatnajokull gleccser ki\u00f6nt\u00e9se, a J\u00f3kulsarlon gleccserlag\u00fana, a Hv\u00edt\u00e1 foly\u00f3 ragadoz\u00f3 Gullfoss v\u00edzes\u00e9se, kisz\u00e1m\u00edthatatlan foly\u00f3k, a Strokkur forr\u00f3 gejz\u00edr, geotermikus f\u00fcrd\u0151z\u00e9s, a K\u00e9k lag\u00fana var\u00e1zsa, b\u00e1lnales\u00e9s Husavikban, a kultur\u00e1lis l\u00e1tnival\u00f3k az el\u0151t\u00e9rben a felejthetetlen\u00fcl sz\u00e9p Hallgr\u00edmskirkja templommal \u00e9s a napf\u00e9nyben csillog\u00f3 Harpa \u00e9p\u00edt\u00e9szeti \u00e9kszer\u00e9vel.<span class=\"Apple-converted-space\">\u00a0<\/span>a f\u0151v\u00e1rosban, Reykjavikban, a hagyom\u00e1nyos f\u00fcves h\u00e1zak, a lovak, a tehenek, a lila csillagf\u00fcrtvir\u00e1gok, mindez val\u00f3ban m\u00e9lyen bev\u00e1gott eml\u00e9ket jelent.<\/p>\n<p><img loading=\"lazy\" decoding=\"async\" class=\"alignnone wp-image-2653 aligncenter\" src=\"https:\/\/soleylingo.sk\/wp-content\/uploads\/2024\/11\/IMG_4189-300x75.jpeg\" alt=\"\" width=\"1236\" height=\"309\" srcset=\"https:\/\/soleylingo.sk\/wp-content\/uploads\/2024\/11\/IMG_4189-300x75.jpeg 300w, https:\/\/soleylingo.sk\/wp-content\/uploads\/2024\/11\/IMG_4189-1024x257.jpeg 1024w, https:\/\/soleylingo.sk\/wp-content\/uploads\/2024\/11\/IMG_4189-768x193.jpeg 768w, https:\/\/soleylingo.sk\/wp-content\/uploads\/2024\/11\/IMG_4189-1536x385.jpeg 1536w, https:\/\/soleylingo.sk\/wp-content\/uploads\/2024\/11\/IMG_4189-2048x514.jpeg 2048w, https:\/\/soleylingo.sk\/wp-content\/uploads\/2024\/11\/IMG_4189-18x5.jpeg 18w, https:\/\/soleylingo.sk\/wp-content\/uploads\/2024\/11\/IMG_4189-600x151.jpeg 600w\" sizes=\"(max-width: 1236px) 100vw, 1236px\" \/><\/p>\n<p>De Izlandot l\u00e1tni <i>t\u00e9len janu\u00e1rban<\/i>szemben\u00e9zni a s\u00f6t\u00e9ts\u00e9ggel, a hideggel, a h\u00f3viharokkal \u00e9s az \u00f3ce\u00e1n tombol\u00f3 hull\u00e1maival, egyed\u00fcl, szervezetlen\u00fcl \u00e9s terv n\u00e9lk\u00fcl utazni, rugalmasan reag\u00e1lni az el\u0151re nem l\u00e1tott \u00e9s ismeretlen dolgokra, egyenesen az izlandi \u0151slakosok arc\u00e1ba n\u00e9zni, az otthonukban, hallgatni emberi megnyilv\u00e1nul\u00e1saikat, viselked\u00e9s\u00fcket, tetteiket, szervezetlen\u00fcl id\u0151t sz\u00e1nni a sz\u00fcnetekre, ez rendk\u00edv\u00fcli \u00e9lm\u00e9nyt jelent. Ez az, ami \u00e9vekkel k\u00e9s\u0151bb izlandi elm\u00e9lked\u00e9sem minden darabk\u00e1j\u00e1t egy gy\u00f6ny\u00f6r\u0171 eg\u00e9ssz\u00e9 rakta \u00f6ssze, amit \u00e9letem v\u00e9g\u00e9ig a sz\u00edvemben fogok hordozni. \u00c9s amire t\u00e1maszkodni fogok, hogy \u00e1tseg\u00edtsen az \u00e9let gyeng\u00e9bb pillanatain.<\/p>\n<p>Izland t\u00e9len bizony\u00e1ra nem a nev\u00e9nek k\u00f6sz\u00f6nheti, hogy itt van. A jeges, tompa, fagyos sz\u00e9ps\u00e9g tiszteletet \u00e9s al\u00e1zatot \u00e9breszt az emberi l\u00e9lekben, \u00e9s r\u00e1\u00e9breszt az emberi kicsinyess\u00e9gre \u00e9s az ember term\u00e9szethez m\u00e9ltatlan viselked\u00e9s\u00e9re. \u00c9s mindezek felett, a tiszta \u00e9gbolt egyed\u00fcl\u00e1ll\u00f3 finoms\u00e1g\u00e1ban k\u00faszik \u00e9s hull\u00e1mzik a sarki f\u00e9ny...<span class=\"Apple-converted-space\">\u00a0<\/span><\/p>\n<p><img loading=\"lazy\" decoding=\"async\" class=\"alignnone wp-image-2665 aligncenter\" src=\"https:\/\/soleylingo.sk\/wp-content\/uploads\/2024\/11\/DSC02992-300x68.jpg\" alt=\"\" width=\"1213\" height=\"275\" srcset=\"https:\/\/soleylingo.sk\/wp-content\/uploads\/2024\/11\/DSC02992-300x68.jpg 300w, https:\/\/soleylingo.sk\/wp-content\/uploads\/2024\/11\/DSC02992-1024x232.jpg 1024w, https:\/\/soleylingo.sk\/wp-content\/uploads\/2024\/11\/DSC02992-768x174.jpg 768w, https:\/\/soleylingo.sk\/wp-content\/uploads\/2024\/11\/DSC02992-1536x348.jpg 1536w, https:\/\/soleylingo.sk\/wp-content\/uploads\/2024\/11\/DSC02992-2048x464.jpg 2048w, https:\/\/soleylingo.sk\/wp-content\/uploads\/2024\/11\/DSC02992-18x4.jpg 18w, https:\/\/soleylingo.sk\/wp-content\/uploads\/2024\/11\/DSC02992-600x136.jpg 600w\" sizes=\"(max-width: 1213px) 100vw, 1213px\" \/><\/p>\n<p style=\"text-align: center;\"><img loading=\"lazy\" decoding=\"async\" class=\"alignnone wp-image-2667\" src=\"https:\/\/soleylingo.sk\/wp-content\/uploads\/2024\/11\/50396392_10212575175404320_1412986829556154368_n-300x225.jpg\" alt=\"\" width=\"264\" height=\"198\" srcset=\"https:\/\/soleylingo.sk\/wp-content\/uploads\/2024\/11\/50396392_10212575175404320_1412986829556154368_n-300x225.jpg 300w, https:\/\/soleylingo.sk\/wp-content\/uploads\/2024\/11\/50396392_10212575175404320_1412986829556154368_n-768x576.jpg 768w, https:\/\/soleylingo.sk\/wp-content\/uploads\/2024\/11\/50396392_10212575175404320_1412986829556154368_n-16x12.jpg 16w, https:\/\/soleylingo.sk\/wp-content\/uploads\/2024\/11\/50396392_10212575175404320_1412986829556154368_n-600x450.jpg 600w, https:\/\/soleylingo.sk\/wp-content\/uploads\/2024\/11\/50396392_10212575175404320_1412986829556154368_n.jpg 960w\" sizes=\"(max-width: 264px) 100vw, 264px\" \/>\u00a0 <img loading=\"lazy\" decoding=\"async\" class=\"alignnone wp-image-2668\" src=\"https:\/\/soleylingo.sk\/wp-content\/uploads\/2024\/11\/DSC03068-300x200.jpg\" alt=\"\" width=\"290\" height=\"193\" srcset=\"https:\/\/soleylingo.sk\/wp-content\/uploads\/2024\/11\/DSC03068-300x200.jpg 300w, https:\/\/soleylingo.sk\/wp-content\/uploads\/2024\/11\/DSC03068-1024x684.jpg 1024w, https:\/\/soleylingo.sk\/wp-content\/uploads\/2024\/11\/DSC03068-768x513.jpg 768w, https:\/\/soleylingo.sk\/wp-content\/uploads\/2024\/11\/DSC03068-1536x1026.jpg 1536w, https:\/\/soleylingo.sk\/wp-content\/uploads\/2024\/11\/DSC03068-2048x1368.jpg 2048w, https:\/\/soleylingo.sk\/wp-content\/uploads\/2024\/11\/DSC03068-18x12.jpg 18w, https:\/\/soleylingo.sk\/wp-content\/uploads\/2024\/11\/DSC03068-600x401.jpg 600w\" sizes=\"(max-width: 290px) 100vw, 290px\" \/> \u00a0<img loading=\"lazy\" decoding=\"async\" class=\"alignnone wp-image-2669\" src=\"https:\/\/soleylingo.sk\/wp-content\/uploads\/2024\/11\/IMG_4474-e1732290048445-300x205.jpeg\" alt=\"\" width=\"287\" height=\"196\" srcset=\"https:\/\/soleylingo.sk\/wp-content\/uploads\/2024\/11\/IMG_4474-e1732290048445-300x205.jpeg 300w, https:\/\/soleylingo.sk\/wp-content\/uploads\/2024\/11\/IMG_4474-e1732290048445-1024x699.jpeg 1024w, https:\/\/soleylingo.sk\/wp-content\/uploads\/2024\/11\/IMG_4474-e1732290048445-18x12.jpeg 18w, https:\/\/soleylingo.sk\/wp-content\/uploads\/2024\/11\/IMG_4474-e1732290048445-600x409.jpeg 600w, https:\/\/soleylingo.sk\/wp-content\/uploads\/2024\/11\/IMG_4474-e1732290048445-768x524.jpeg 768w, https:\/\/soleylingo.sk\/wp-content\/uploads\/2024\/11\/IMG_4474-e1732290048445.jpeg 1099w\" sizes=\"(max-width: 287px) 100vw, 287px\" \/><\/p>\n<p>M\u00e1sodik izlandi utam a kis Dominka ir\u00e1nti szeretetb\u0151l t\u00f6rt\u00e9nt, aki akkor m\u00e1r majdnem egy \u00e9ve ebben az orsz\u00e1gban \u00e9lte az \u00e9let\u00e9t. A sz\u00fcl\u0151i l\u00e1togat\u00e1s azonban csod\u00e1latos \u00e9lm\u00e9nyek napi folyam\u00e1v\u00e1 fejl\u0151d\u00f6tt, nemcsak az \u00e9rt\u00e9kes k\u00f6z\u00f6s pillanatok, hanem az \u00faj utaz\u00e1si ismeretek \u00e1radat\u00e1v\u00e1 is. Az izlandi f\u00f6ldr\u0151l, az izlandi szok\u00e1sokr\u00f3l, az izlandi emberekr\u0151l, \u00e9s arr\u00f3l a munk\u00e1r\u00f3l, amit az izlandi emberek a l\u00e1nyomhoz hasonl\u00f3 ideiglenes \u00f6nk\u00e9ntes bev\u00e1ndorl\u00f3k munk\u00e1j\u00e1nak seg\u00edts\u00e9g\u00e9vel v\u00e9geznek. Vagyis, hogy megismerj\u00fck <i>az \u00f6nk\u00e9ntesek vil\u00e1ga<\/i> Mindazzal egy\u00fctt, amit ez mag\u00e1ban foglal, a l\u00e1nyom vil\u00e1ga volt a legf\u0151bb priorit\u00e1som. Hogy k\u00f6zelebb ker\u00fcljek hozz\u00e1, hogy a lehet\u0151 legjobban meg\u00e9rtsem \u0151t, hogy meg\u00e9rtsem az ind\u00edt\u00e9kait, a d\u00f6nt\u00e9seit, a v\u00e9lem\u00e9ny\u00e9t, \u00e9s hogy biztons\u00e1gban hagyjam a szabad akarat\u00e1t.<\/p>\n<p><b><i>SEEDS Izland<\/i><\/b><i> A <\/i><b><i>nonprofit \u00f6nk\u00e9ntes szervezet<\/i><\/b><i> amelynek feladata a kult\u00far\u00e1k k\u00f6z\u00f6tti meg\u00e9rt\u00e9s, a k\u00f6rnyezettudatoss\u00e1g \u00e9s a k\u00f6rnyezetv\u00e9delem el\u0151mozd\u00edt\u00e1sa izlandi szoci\u00e1lis, kultur\u00e1lis \u00e9s k\u00f6rnyezetv\u00e9delmi projektek r\u00e9v\u00e9n.<span class=\"Apple-converted-space\">\u00a0<\/span><\/i><\/p>\n<p>Mindaz\u00e9rt, amit az otthonomt\u00f3l t\u00e1vol \u00e9l\u0151 \u00f6nk\u00e9ntesek tev\u00e9kenys\u00e9g\u00e9vel \u00e9s \u00e9let\u00e9vel kapcsolatban k\u00f6zvetve megismerhettem, \u0151szint\u00e9n h\u00e1l\u00e1s vagyok, \u00e9s \u0151szinte csod\u00e1lattal ad\u00f3zom mindazoknak, akik tisztelettel \u00e9s \u00e9retts\u00e9ggel orient\u00e1lj\u00e1k \u00e9let\u00fcket ebbe az ir\u00e1nyba. Mert az \u00f6nk\u00e9ntes munka nem csak mag\u00e1r\u00f3l a munk\u00e1r\u00f3l sz\u00f3l, hanem egy olyan \u00e9letm\u00f3d, amely nemcsak \u00f6nmag\u00e1t, hanem az eg\u00e9sz bolyg\u00f3 l\u00e9t\u00e9t figyelembe veszi. \u00c9s ezt a maga aktualit\u00e1saiban, majd lehet\u0151s\u00e9geiben. Az \u00f6nk\u00e9ntes mentalit\u00e1sa saj\u00e1tos, \u00e9s az ember \u00e9rt\u00e9kes tulajdons\u00e1gai k\u00f6nnyen felismerhet\u0151k benne. Az \u00f6nk\u00e9ntess\u00e9g egyfajta hasonl\u00f3 gondolkod\u00e1s\u00fa embereket hoz \u00f6ssze a vil\u00e1g minden t\u00e1j\u00e1r\u00f3l, \u00e9s ezen a k\u00e9pen kereszt\u00fcl megfigyelhet\u0151 a multikulturalizmus a sz\u00f3 val\u00f3di \u00e9rtelm\u00e9ben. \u0150szinte figyelemre m\u00e9lt\u00f3 er\u0151fesz\u00edt\u00e9s \u00e9s t\u00f6rekv\u00e9s arra, hogy a vil\u00e1got laz\u00e1n \u00e9s apr\u00f3l\u00e9kosan integr\u00e1ljuk egyetlen eg\u00e9ssz\u00e9, ami egyszerre globaliz\u00e1l, ugyanakkor teret enged a saj\u00e1t szem\u00e9lyes kult\u00far\u00e1nknak \u00e9s szok\u00e1sainknak.<span class=\"Apple-converted-space\">\u00a0<\/span><\/p>\n<p style=\"text-align: center;\"><img loading=\"lazy\" decoding=\"async\" class=\"alignnone wp-image-2672\" src=\"https:\/\/soleylingo.sk\/wp-content\/uploads\/2024\/11\/3-300x205.jpg\" alt=\"\" width=\"296\" height=\"202\" srcset=\"https:\/\/soleylingo.sk\/wp-content\/uploads\/2024\/11\/3-300x205.jpg 300w, https:\/\/soleylingo.sk\/wp-content\/uploads\/2024\/11\/3-1024x699.jpg 1024w, https:\/\/soleylingo.sk\/wp-content\/uploads\/2024\/11\/3-768x524.jpg 768w, https:\/\/soleylingo.sk\/wp-content\/uploads\/2024\/11\/3-1536x1048.jpg 1536w, https:\/\/soleylingo.sk\/wp-content\/uploads\/2024\/11\/3-18x12.jpg 18w, https:\/\/soleylingo.sk\/wp-content\/uploads\/2024\/11\/3-600x409.jpg 600w, https:\/\/soleylingo.sk\/wp-content\/uploads\/2024\/11\/3.jpg 1545w\" sizes=\"(max-width: 296px) 100vw, 296px\" \/>\u00a0 <img loading=\"lazy\" decoding=\"async\" class=\"alignnone wp-image-2673\" src=\"https:\/\/soleylingo.sk\/wp-content\/uploads\/2024\/11\/2-259x300.jpg\" alt=\"\" width=\"174\" height=\"202\" srcset=\"https:\/\/soleylingo.sk\/wp-content\/uploads\/2024\/11\/2-259x300.jpg 259w, https:\/\/soleylingo.sk\/wp-content\/uploads\/2024\/11\/2-885x1024.jpg 885w, https:\/\/soleylingo.sk\/wp-content\/uploads\/2024\/11\/2-768x889.jpg 768w, https:\/\/soleylingo.sk\/wp-content\/uploads\/2024\/11\/2-10x12.jpg 10w, https:\/\/soleylingo.sk\/wp-content\/uploads\/2024\/11\/2-600x694.jpg 600w, https:\/\/soleylingo.sk\/wp-content\/uploads\/2024\/11\/2.jpg 928w\" sizes=\"(max-width: 174px) 100vw, 174px\" \/> \u00a0<img loading=\"lazy\" decoding=\"async\" class=\"alignnone wp-image-2674\" src=\"https:\/\/soleylingo.sk\/wp-content\/uploads\/2024\/11\/1-300x197.jpg\" alt=\"\" width=\"305\" height=\"200\" srcset=\"https:\/\/soleylingo.sk\/wp-content\/uploads\/2024\/11\/1-300x197.jpg 300w, https:\/\/soleylingo.sk\/wp-content\/uploads\/2024\/11\/1-1024x673.jpg 1024w, https:\/\/soleylingo.sk\/wp-content\/uploads\/2024\/11\/1-768x505.jpg 768w, https:\/\/soleylingo.sk\/wp-content\/uploads\/2024\/11\/1-1536x1010.jpg 1536w, https:\/\/soleylingo.sk\/wp-content\/uploads\/2024\/11\/1-18x12.jpg 18w, https:\/\/soleylingo.sk\/wp-content\/uploads\/2024\/11\/1-600x394.jpg 600w, https:\/\/soleylingo.sk\/wp-content\/uploads\/2024\/11\/1.jpg 1628w\" sizes=\"(max-width: 305px) 100vw, 305px\" \/><\/p>\n<p>Izlandot teh\u00e1t szint\u00e9n \"sz\u00ednezi\" egy ilyen k\u00f6rnyezeti \u00e1rnyalat. Lak\u00f3i ugyanis az eg\u00e9sz vil\u00e1gnak t\u00f6k\u00e9letes k\u00e9pet adnak arr\u00f3l, hogyan kell a term\u00e9szet ir\u00e1nt a val\u00f3di felel\u0151ss\u00e9gv\u00e1llal\u00e1s legmagasabb frekvenci\u00e1j\u00e1n \u00e9lni \u00e9s viselkedni a term\u00e9szettel szemben, \u00e9s egy\u00fattal bizony\u00edt\u00e9kot szolg\u00e1ltatnak arra, hogy minden orsz\u00e1gnak van egy olyan \u00f6kol\u00f3giai eml\u00e9kezete, amely nem felejt. \u00c9s azt a k\u00e9pet is megmutatj\u00e1k, hogy a negat\u00edv emberi ego csak puszt\u00e1n puszt\u00edt\u00f3 csapda az ember sz\u00e1m\u00e1ra.<\/p>\n<p>\u00c9s most t\u00e9rj\u00fcnk vissza mag\u00e1hoz Izlandhoz \u00e9s annak k\u00fcl\u00f6nleges, egyedi var\u00e1zs\u00e1hoz.<\/p>\n<p>Izlandon mintegy 340 ezer ember \u00e9l, k\u00e9tharmaduk a f\u0151v\u00e1rosban, Reykjav\u00edkban, a t\u00f6bbi ter\u00fclet az orsz\u00e1g ter\u00fcleti fel\u00e9p\u00edt\u00e9s\u00e9b\u0151l ad\u00f3d\u00f3an \u00e9rtelemszer\u0171en egy\u00e1ltal\u00e1n nem lakott, vagy csak kisebb k\u00f6z\u00f6ss\u00e9gek, f\u0151k\u00e9nt f\u00f6ldm\u0171vesek lakj\u00e1k. Az emberek k\u00f6nnyen megfigyelhet\u0151ek, nyugodtak, bar\u00e1ts\u00e1gosak, seg\u00edt\u0151k\u00e9szek, rendk\u00edv\u00fcl \u00f6sszetart\u00f3ak, biztons\u00e1g\u00e9rzettel \u00e9s k\u00f6lcs\u00f6n\u00f6s bizalommal. Van humor\u00e9rz\u00e9k\u00fck, semmit sem vesznek t\u00fal komolyan vagy melodramatikusan. Mintha az orsz\u00e1guk form\u00e1ja el\u0151re meghat\u00e1rozn\u00e1 \u00e9letm\u00f3djuk modellj\u00e9t. Egy sziget, \u00e9s \u00edgy nincs m\u00f3d arra, hogy elhagyj\u00e1k, \u00e9s nincs m\u00f3d arra, hogy elj\u00f6jjenek. Csak maradni \u00e9s t\u00fal\u00e9lni b\u00e9k\u00e9ben \u00e9s biztons\u00e1gban. A napt\u00e1ri \u00e9v t\u00e9li szakasza, a nagy nappali f\u00e9nyhi\u00e1nnyal, m\u00e9g er\u0151sebben h\u00edvogatja \u0151ket. A drasztikus id\u0151j\u00e1r\u00e1s, a hideg, a hideg, az er\u0151s sz\u00e9l \u00e9s a h\u00f3 sok tev\u00e9kenys\u00e9gben korl\u00e1tozza \u0151ket, \u00e9s tal\u00e1n \u00e9ppen ez\u00e9rt \u0151k a legirodalmibb emberek. Az izlandiak im\u00e1dj\u00e1k a k\u00f6nyveket, \u00e9s \u00e1ll\u00edt\u00f3lag minden \u00f6t\u00f6dik izlandi saj\u00e1t maga jelentetett meg egyet. A h\u00e1bor\u00fa idej\u00e9b\u0151l, amikor a sziget ell\u00e1t\u00e1sa korl\u00e1tozott volt, m\u00e9g ma is tartj\u00e1k azt a hagyom\u00e1nyt, hogy kar\u00e1csonyra mindenkinek k\u00f6nyvet kell kapnia. Ha Izlandon minden bolt z\u00e1rva van, j\u00f3 es\u00e9llyel egy k\u00f6nyvesbolt lesz az, amelyik felaj\u00e1nlja a szabad helyeit. Az izlandiak a mai napig meg\u0151rizt\u00e9k a vikingek n\u00e9h\u00e1ny jellegzetess\u00e9g\u00e9t. A hangs\u00falyos testtetov\u00e1l\u00e1sok mind a f\u00e9rfiakn\u00e1l, mind a n\u0151kn\u00e9l \u00e9s a hossz\u00fa szak\u00e1llak a norm\u00e1lisak. Az izlandiak egy lakhat\u00f3 vil\u00e1g perem\u00e9n \u00e9lnek, ahol az \u00e9v t\u00f6bb h\u00f3napj\u00e1ban elnyeli \u0151ket a s\u00f6t\u00e9ts\u00e9g, m\u00e9gis \u0151k a legoptimist\u00e1bb emberek a vil\u00e1gon...<b>. <\/b>Nem teljesen vil\u00e1gos, hogy a halh\u00fas, a halolaj, a friss leveg\u0151 vagy a nagy mennyis\u00e9g\u0171 antidepressz\u00e1ns fogyaszt\u00e1sa az oka, de az biztos, hogy ez a jellemvon\u00e1s jellemz\u0151 az izlandiakra, \u00e9s seg\u00edt nekik megbirk\u00f3zni a term\u00e9szeti katasztr\u00f3f\u00e1kt\u00f3l kezdve a gazdas\u00e1gi \u00f6sszeoml\u00e1sig sz\u00e1mtalan sokkhat\u00e1ssal. A traum\u00e1kkal egys\u00e9ges nemzetk\u00e9nt birk\u00f3znak meg, az emberek rendk\u00edv\u00fcl t\u00e1mogatj\u00e1k egym\u00e1st, \u00e9s a fent eml\u00edtett optimizmus t\u00fal\u00e9l\u00e9si strat\u00e9gi\u00e1v\u00e1 v\u00e1lik. A velesz\u00fcletett optimizmust egy m\u00e9ly filoz\u00f3fi\u00e1j\u00fa mondat jellemzi: <i>Betta reddast - <\/i>Valahogy majd minden megold\u00f3dik.<span class=\"Apple-converted-space\">\u00a0<\/span>Az izlandiak rendk\u00edv\u00fcl nagyra \u00e9rt\u00e9kelik f\u00fcggetlens\u00e9g\u00fcket, mivel nemzetk\u00e9nt \u00e9vsz\u00e1zadokon kereszt\u00fcl a norv\u00e9gok \u00e9s a d\u00e1nok elnyomt\u00e1k \u0151ket. Nem abszolutiz\u00e1lj\u00e1k magukat, nem kedvelik a fogyaszt\u00f3i modern trendeket, szem\u00e9lyes k\u00fcldet\u00e9s\u00fck az egyszer\u0171 emberi logik\u00e1n alapul, hogy boldogan \u00e9ljenek, alkossanak \u00e9s v\u00e9djenek. \u00c9s az eur\u00f3pai orsz\u00e1gok k\u00f6z\u00fcl az egyik legmagasabb \u00e9letsz\u00ednvonalon \u00e9lnek. T\u00f6bb mint 98 sz\u00e1zal\u00e9kos \u00edr\u00e1stud\u00e1si r\u00e1t\u00e1val tal\u00e1lkoznak. Gondolom, \u00edgy a gy\u00f6ny\u00f6r\u0171 Izland gyapj\u00fapul\u00f3verekbe \u00f6lt\u00f6z\u00f6tt \"Lopapeysa\" ...<\/p>\n<p style=\"text-align: center;\"><img loading=\"lazy\" decoding=\"async\" class=\"alignnone wp-image-2661\" src=\"https:\/\/soleylingo.sk\/wp-content\/uploads\/2024\/11\/35143027_10211270914358609_7008105618716229632_n-300x225.jpg\" alt=\"\" width=\"265\" height=\"199\" srcset=\"https:\/\/soleylingo.sk\/wp-content\/uploads\/2024\/11\/35143027_10211270914358609_7008105618716229632_n-300x225.jpg 300w, https:\/\/soleylingo.sk\/wp-content\/uploads\/2024\/11\/35143027_10211270914358609_7008105618716229632_n-768x576.jpg 768w, https:\/\/soleylingo.sk\/wp-content\/uploads\/2024\/11\/35143027_10211270914358609_7008105618716229632_n-16x12.jpg 16w, https:\/\/soleylingo.sk\/wp-content\/uploads\/2024\/11\/35143027_10211270914358609_7008105618716229632_n-600x450.jpg 600w, https:\/\/soleylingo.sk\/wp-content\/uploads\/2024\/11\/35143027_10211270914358609_7008105618716229632_n.jpg 960w\" sizes=\"(max-width: 265px) 100vw, 265px\" \/>\u00a0 <img loading=\"lazy\" decoding=\"async\" class=\"alignnone size-medium wp-image-2662\" src=\"https:\/\/soleylingo.sk\/wp-content\/uploads\/2024\/11\/DSC02961-300x200.jpg\" alt=\"\" width=\"300\" height=\"200\" srcset=\"https:\/\/soleylingo.sk\/wp-content\/uploads\/2024\/11\/DSC02961-300x200.jpg 300w, https:\/\/soleylingo.sk\/wp-content\/uploads\/2024\/11\/DSC02961-1024x684.jpg 1024w, https:\/\/soleylingo.sk\/wp-content\/uploads\/2024\/11\/DSC02961-768x513.jpg 768w, https:\/\/soleylingo.sk\/wp-content\/uploads\/2024\/11\/DSC02961-1536x1026.jpg 1536w, https:\/\/soleylingo.sk\/wp-content\/uploads\/2024\/11\/DSC02961-2048x1368.jpg 2048w, https:\/\/soleylingo.sk\/wp-content\/uploads\/2024\/11\/DSC02961-18x12.jpg 18w, https:\/\/soleylingo.sk\/wp-content\/uploads\/2024\/11\/DSC02961-600x401.jpg 600w\" sizes=\"(max-width: 300px) 100vw, 300px\" \/> \u00a0<img loading=\"lazy\" decoding=\"async\" class=\"alignnone size-medium wp-image-2663\" src=\"https:\/\/soleylingo.sk\/wp-content\/uploads\/2024\/11\/DSC03208-300x200.jpg\" alt=\"\" width=\"300\" height=\"200\" srcset=\"https:\/\/soleylingo.sk\/wp-content\/uploads\/2024\/11\/DSC03208-300x200.jpg 300w, https:\/\/soleylingo.sk\/wp-content\/uploads\/2024\/11\/DSC03208-1024x684.jpg 1024w, https:\/\/soleylingo.sk\/wp-content\/uploads\/2024\/11\/DSC03208-768x513.jpg 768w, https:\/\/soleylingo.sk\/wp-content\/uploads\/2024\/11\/DSC03208-1536x1026.jpg 1536w, https:\/\/soleylingo.sk\/wp-content\/uploads\/2024\/11\/DSC03208-2048x1368.jpg 2048w, https:\/\/soleylingo.sk\/wp-content\/uploads\/2024\/11\/DSC03208-18x12.jpg 18w, https:\/\/soleylingo.sk\/wp-content\/uploads\/2024\/11\/DSC03208-600x401.jpg 600w\" sizes=\"(max-width: 300px) 100vw, 300px\" \/><\/p>\n<p>A f\u0151v\u00e1ros, Reykjavik csod\u00e1latos. Kiterjedt, rendezetlen, hangulatos, sz\u00ednes, v\u00edz alatti alag\u00fattal. Ez a vil\u00e1g leg\u00e9szakibb f\u0151v\u00e1rosa. Meg\u00e9rinti a tengert \u00e9s az eget. Neve k\u00f6d\u00f6s \u00f6bl\u00f6t jelent, \u00e9s ezt a nevet a viking telepes Ing\u00f3lfur Arnarson adta neki 874-ben, amikor utaz\u00e1sa sor\u00e1n megl\u00e1tta a f\u00f6ldet, ahonnan geotermikus g\u0151z\u00f6k t\u00f6megei \u00e1radtak a forr\u00e1sokb\u00f3l \u00e9s gejz\u00edrekb\u0151l. Reykjavik a 20. sz\u00e1zad eleje \u00f3ta \u0151rzi a sz\u00ednes h\u00e1zak hagyom\u00e1ny\u00e1t, amikor a hull\u00e1mvas k\u00f6nnyen hozz\u00e1f\u00e9rhet\u0151 \u00e9s olcs\u00f3 \u00e9p\u00edt\u0151anyagg\u00e1 v\u00e1lt. Ez korr\u00f3zi\u00f3nak volt kit\u00e9ve, ez\u00e9rt v\u00e9d\u0151bevonattal kellett lefesteni, amihez a lakosok k\u00e9nyszer\u0171s\u00e9gb\u0151l csak a haj\u00f3k fest\u00e9s\u00e9b\u0151l megmaradt fest\u00e9ket haszn\u00e1lt\u00e1k. Ma m\u00e1r term\u00e9szetesen k\u00f6nnyen hozz\u00e1f\u00e9rhet\u0151 az anyag, a h\u00e1zak sz\u00ednv\u00e1laszt\u00e9k\u00e1b\u00f3l m\u00e9gsem vesz\u00edtettek semmit. A Hallgr\u00edmskirkja sz\u00e9kesegyh\u00e1z torny\u00e1b\u00f3l, amely egyben a v\u00e1ros legmagasabb \u00e9p\u00fclete is, egyed\u00fcl\u00e1ll\u00f3 kil\u00e1t\u00e1s ny\u00edlik a F\u00f6ld e mesebeli szeglet\u00e9re.<\/p>\n<p style=\"text-align: center;\"><img loading=\"lazy\" decoding=\"async\" class=\"alignnone wp-image-2676\" src=\"https:\/\/soleylingo.sk\/wp-content\/uploads\/2024\/11\/IMG_4773-225x300.jpeg\" alt=\"\" width=\"174\" height=\"232\" srcset=\"https:\/\/soleylingo.sk\/wp-content\/uploads\/2024\/11\/IMG_4773-225x300.jpeg 225w, https:\/\/soleylingo.sk\/wp-content\/uploads\/2024\/11\/IMG_4773-768x1024.jpeg 768w, https:\/\/soleylingo.sk\/wp-content\/uploads\/2024\/11\/IMG_4773-1152x1536.jpeg 1152w, https:\/\/soleylingo.sk\/wp-content\/uploads\/2024\/11\/IMG_4773-1536x2048.jpeg 1536w, https:\/\/soleylingo.sk\/wp-content\/uploads\/2024\/11\/IMG_4773-9x12.jpeg 9w, https:\/\/soleylingo.sk\/wp-content\/uploads\/2024\/11\/IMG_4773-600x800.jpeg 600w, https:\/\/soleylingo.sk\/wp-content\/uploads\/2024\/11\/IMG_4773-scaled.jpeg 1920w\" sizes=\"(max-width: 174px) 100vw, 174px\" \/> \u00a0<img loading=\"lazy\" decoding=\"async\" class=\"alignnone wp-image-2679\" src=\"https:\/\/soleylingo.sk\/wp-content\/uploads\/2024\/11\/IMG_6738-300x225.jpg\" alt=\"\" width=\"310\" height=\"232\" srcset=\"https:\/\/soleylingo.sk\/wp-content\/uploads\/2024\/11\/IMG_6738-300x225.jpg 300w, https:\/\/soleylingo.sk\/wp-content\/uploads\/2024\/11\/IMG_6738-1024x768.jpg 1024w, https:\/\/soleylingo.sk\/wp-content\/uploads\/2024\/11\/IMG_6738-768x576.jpg 768w, https:\/\/soleylingo.sk\/wp-content\/uploads\/2024\/11\/IMG_6738-1536x1152.jpg 1536w, https:\/\/soleylingo.sk\/wp-content\/uploads\/2024\/11\/IMG_6738-2048x1535.jpg 2048w, https:\/\/soleylingo.sk\/wp-content\/uploads\/2024\/11\/IMG_6738-16x12.jpg 16w, https:\/\/soleylingo.sk\/wp-content\/uploads\/2024\/11\/IMG_6738-600x450.jpg 600w\" sizes=\"(max-width: 310px) 100vw, 310px\" \/> \u00a0<img loading=\"lazy\" decoding=\"async\" class=\"alignnone wp-image-2678\" src=\"https:\/\/soleylingo.sk\/wp-content\/uploads\/2024\/11\/IMG_6757-300x179.jpg\" alt=\"\" width=\"388\" height=\"232\" srcset=\"https:\/\/soleylingo.sk\/wp-content\/uploads\/2024\/11\/IMG_6757-300x179.jpg 300w, https:\/\/soleylingo.sk\/wp-content\/uploads\/2024\/11\/IMG_6757-1024x611.jpg 1024w, https:\/\/soleylingo.sk\/wp-content\/uploads\/2024\/11\/IMG_6757-768x458.jpg 768w, https:\/\/soleylingo.sk\/wp-content\/uploads\/2024\/11\/IMG_6757-18x12.jpg 18w, https:\/\/soleylingo.sk\/wp-content\/uploads\/2024\/11\/IMG_6757-600x358.jpg 600w, https:\/\/soleylingo.sk\/wp-content\/uploads\/2024\/11\/IMG_6757.jpg 1042w\" sizes=\"(max-width: 388px) 100vw, 388px\" \/><\/p>\n<p>Izland ter\u00fclet\u00e9t kev\u00e9s term\u00e9keny l\u00e1vamez\u0151 jellemzi, \u00edgy a gazdas\u00e1got a tenger gazdags\u00e1ga, els\u0151sorban a tengeri moszat, a hal\u00e1szat, a szarvasmarha-, juh- \u00e9s l\u00f3teny\u00e9szt\u00e9s, a b\u0151r- \u00e9s gyapj\u00fafeldolgoz\u00e1s, valamint a geotermikus energia felhaszn\u00e1l\u00e1sa uralja.<span class=\"Apple-converted-space\">\u00a0<\/span><\/p>\n<p>Az izlandiaknak van egy kiv\u00e1l\u00f3 saj\u00e1t joghurtterm\u00e9k\u00fck, a \"Skyr\". Rendk\u00edv\u00fcl eg\u00e9szs\u00e9ges, azonban \u0151si \u00e9rdekess\u00e9gt\u00f6rt\u00e9nete hat\u00e1rozottan fel\u00fclm\u00falja t\u00e1pl\u00e1lkoz\u00e1si dics\u0151s\u00e9g\u00e9t. Amikor ugyanis az izlandi tenger\u00e9szek bar\u00e1tkozni akartak az amerikai bennsz\u00fcl\u00f6ttekkel, mivel kevesen voltak \u00e9s h\u00e1tr\u00e1nyban, bar\u00e1ts\u00e1guk jel\u00e9\u00fcl a legjobbat, amij\u00fck volt, h\u00e1zi k\u00e9sz\u00edt\u00e9s\u0171 joghurtot k\u00edn\u00e1ltak. \u00c1m az amerikai lakoss\u00e1g b\u00e9lfl\u00f3r\u00e1ja m\u00e1s volt, mint az izlandiak\u00e9, ez\u00e9rt a gyomorpanaszok ut\u00e1n az amerikai bennsz\u00fcl\u00f6ttek azt hitt\u00e9k, hogy meg akarj\u00e1k m\u00e9rgezni \u0151ket. Az \u00f6sszecsap\u00e1s v\u00e9rrel v\u00e9gz\u0151d\u00f6tt, \u00edgy a vikingek visszat\u00e9rtek Izlandra \u00e9s Gr\u00f6nlandra, \u00e9s soha t\u00f6bb\u00e9 nem bar\u00e1tkoztak az amerikaiakkal.<\/p>\n<p>Egy m\u00e1sik t\u00f6rt\u00e9nelmi \u00e9rdekess\u00e9g ez. Mivel a t\u00e9l a legkegyetlenebb \u00e9vszak Izlandon, ahol korl\u00e1tozottak az \u00e9lelmez\u00e9si lehet\u0151s\u00e9gek, az izlandiaknak az volt a kiv\u00e1lts\u00e1guk, hogy hagyj\u00e1k \u00e9hen halni a legkisebb gyermek\u00fcket. Az izlandiakr\u00f3l a mai napig k\u00f6ztudott, hogy b\u00e1rmit megesznek a t\u00fal\u00e9l\u00e9s \u00e9rdek\u00e9ben. Minden \u00e1llatot megesznek, a legdr\u00e1g\u00e1bb csemege a jellegzetes puffin mad\u00e1r sz\u00edv\u00e9t vagy a h\u00e1rom h\u00f3napig a f\u00f6ldbe temetett c\u00e1pa s\u00f3zott h\u00fas\u00e1t.<\/p>\n<p>Izlandon nincsenek jegesmedv\u00e9k, de hat-h\u00e9t\u00e9vente egyszer egy Gr\u00f6nlandr\u00f3l \u00e9rkez\u0151 jegesmedve \u00e9rkezik az izlandi sz\u00e1razf\u00f6ldre. Mivel hal\u00e1lra \u00e9hezve \u00e9rkezik, agressz\u00edv \u00e9s vesz\u00e9lyes, ez\u00e9rt a jegesmedv\u00e9k le\u00f6l\u00e9s\u00e9nek tilalma ellen\u00e9re Izlandon enged\u00e9lyezik a selejtez\u00e9s\u00e9t.<\/p>\n<p>Izlandon azonban sem a tekn\u0151s\u00f6k, sem a k\u00edgy\u00f3k szapor\u00edt\u00e1sa nem megengedett; szaporod\u00e1suk v\u00e9gzetesen megzavarn\u00e1 az eg\u00e9sz veget\u00e1ci\u00f3s l\u00e1ncot. Mint ahogyan a lila csillagf\u00fcrtvir\u00e1g is, amely egyel\u0151re Izlandra jellemz\u0151. Ennek a n\u00f6v\u00e9nynek n\u00e9h\u00e1ny magj\u00e1t sz\u00e1nd\u00e9kosan hozt\u00e1k a szigetre Alaszk\u00e1b\u00f3l egy gyuf\u00e1sdobozban, hogy gy\u00f6kereivel felvegye a harcot a talajer\u00f3zi\u00f3 ellen. A n\u00f6v\u00e9ny azonban rendk\u00edv\u00fcl invaz\u00edvnak bizonyult, elszaporodott, \u00e9s a lila sz\u00edn ma m\u00e1r szinte minden felv\u00e9telt \u00e9s l\u00e1tv\u00e1nyt ural Izland ny\u00e1ri t\u00e1j\u00e1r\u00f3l. A helyiek radik\u00e1lisan k\u00fczdenek ellene, \u00e9s er\u0151fesz\u00edt\u00e9seik c\u00e9lja a kiirt\u00e1sa.<\/p>\n<p>Az izlandi t\u00e1j jellegzetes \u00e1llatsz\u00edn\u00e9t a minden\u00fctt jelenl\u00e9v\u0151, hossz\u00fa s\u00f6r\u00e9ny\u0171, legel\u00e9sz\u0151 lovak vagy a h\u00e1tukon nyeregben \u00fcl\u0151 lovasok, a juhok - amelyekb\u0151l k\u00e9tszer annyi van Izlandon, mint emberb\u0151l - \u00e9s a boldog tehenek festik. A sarki r\u00f3ka is \u00e9l az orsz\u00e1gban. Ez mindenk\u00e9ppen azzal ny\u0171g\u00f6z le, hogy kisebb, mint amire sz\u00e1m\u00edtan\u00e1nk, \u00e9s azzal is, hogy gy\u00f6ny\u00f6r\u0171 sarkvid\u00e9ki h\u00f3feh\u00e9r bund\u00e1ja csak t\u00e9len b\u00fajik el\u0151. Ez ny\u00e1ron barn\u00e1ra v\u00e1ltozik. K\u00fcl\u00f6n\u00f6sen az izlandi fecsk\u00e9k \u00e9rdemelnek csod\u00e1latra m\u00e9lt\u00f3 elismer\u00e9st. T\u00e9lire eg\u00e9szen D\u00e9l-Afrik\u00e1ig vonulnak, \u00e9s harminc\u00e9ves \u00e9let\u00fck alatt k\u00f6r\u00fclbel\u00fcl olyan messzire rep\u00fclnek, mintha h\u00e1romszor rep\u00fcltek volna a Holdra \u00e9s vissza.<\/p>\n<p style=\"text-align: center;\"><img loading=\"lazy\" decoding=\"async\" class=\"alignnone wp-image-2681\" src=\"https:\/\/soleylingo.sk\/wp-content\/uploads\/2024\/11\/IMG_6822-300x225.jpg\" alt=\"\" width=\"325\" height=\"244\" srcset=\"https:\/\/soleylingo.sk\/wp-content\/uploads\/2024\/11\/IMG_6822-300x225.jpg 300w, https:\/\/soleylingo.sk\/wp-content\/uploads\/2024\/11\/IMG_6822-1024x768.jpg 1024w, https:\/\/soleylingo.sk\/wp-content\/uploads\/2024\/11\/IMG_6822-768x576.jpg 768w, https:\/\/soleylingo.sk\/wp-content\/uploads\/2024\/11\/IMG_6822-1536x1152.jpg 1536w, https:\/\/soleylingo.sk\/wp-content\/uploads\/2024\/11\/IMG_6822-16x12.jpg 16w, https:\/\/soleylingo.sk\/wp-content\/uploads\/2024\/11\/IMG_6822-600x450.jpg 600w, https:\/\/soleylingo.sk\/wp-content\/uploads\/2024\/11\/IMG_6822.jpg 2016w\" sizes=\"(max-width: 325px) 100vw, 325px\" \/>\u00a0 <img loading=\"lazy\" decoding=\"async\" class=\"alignnone wp-image-2682\" src=\"https:\/\/soleylingo.sk\/wp-content\/uploads\/2024\/11\/IMG_1904-225x300.jpg\" alt=\"\" width=\"183\" height=\"244\" srcset=\"https:\/\/soleylingo.sk\/wp-content\/uploads\/2024\/11\/IMG_1904-225x300.jpg 225w, https:\/\/soleylingo.sk\/wp-content\/uploads\/2024\/11\/IMG_1904-768x1024.jpg 768w, https:\/\/soleylingo.sk\/wp-content\/uploads\/2024\/11\/IMG_1904-1152x1536.jpg 1152w, https:\/\/soleylingo.sk\/wp-content\/uploads\/2024\/11\/IMG_1904-1536x2048.jpg 1536w, https:\/\/soleylingo.sk\/wp-content\/uploads\/2024\/11\/IMG_1904-9x12.jpg 9w, https:\/\/soleylingo.sk\/wp-content\/uploads\/2024\/11\/IMG_1904-600x800.jpg 600w, https:\/\/soleylingo.sk\/wp-content\/uploads\/2024\/11\/IMG_1904-scaled.jpg 1920w\" sizes=\"(max-width: 183px) 100vw, 183px\" \/> \u00a0<img loading=\"lazy\" decoding=\"async\" class=\"alignnone wp-image-2683\" src=\"https:\/\/soleylingo.sk\/wp-content\/uploads\/2024\/11\/DSC02899-300x200.jpg\" alt=\"\" width=\"366\" height=\"244\" srcset=\"https:\/\/soleylingo.sk\/wp-content\/uploads\/2024\/11\/DSC02899-300x200.jpg 300w, https:\/\/soleylingo.sk\/wp-content\/uploads\/2024\/11\/DSC02899-1024x684.jpg 1024w, https:\/\/soleylingo.sk\/wp-content\/uploads\/2024\/11\/DSC02899-768x513.jpg 768w, https:\/\/soleylingo.sk\/wp-content\/uploads\/2024\/11\/DSC02899-1536x1026.jpg 1536w, https:\/\/soleylingo.sk\/wp-content\/uploads\/2024\/11\/DSC02899-2048x1368.jpg 2048w, https:\/\/soleylingo.sk\/wp-content\/uploads\/2024\/11\/DSC02899-18x12.jpg 18w, https:\/\/soleylingo.sk\/wp-content\/uploads\/2024\/11\/DSC02899-600x401.jpg 600w\" sizes=\"(max-width: 366px) 100vw, 366px\" \/><\/p>\n<p>Az izlandiak hihetetlen odaad\u00e1ssal mentik a beteg \u00e9s gyenge \u00e1llatokat egy \u00e1llatfarmon, ahov\u00e1 a lakosok a sziget minden t\u00e1j\u00e1r\u00f3l hozz\u00e1k \u0151ket.<span class=\"Apple-converted-space\">\u00a0<\/span><\/p>\n<p>Izlandhoz sz\u00e1mos forr\u00f3 forr\u00e1s kapcsol\u00f3dik.<span class=\"Apple-converted-space\">\u00a0<\/span>geotermikus v\u00edz. A benne val\u00f3 f\u00fcrd\u00e9s j\u00f3t\u00e9kony hat\u00e1ssal van az emberre, \u00e9s a helyiek a l\u00e1togat\u00e1st t\u00e1rsadalmi \u00e9s szoci\u00e1lis \u00e9let\u00fck jellegzetes megnyilv\u00e1nul\u00e1s\u00e1v\u00e1 emelt\u00e9k.<\/p>\n<p>\u00c9s m\u00e9g sok-sok \u00e9s m\u00e9g sok-sok \u00e9s m\u00e9g sok-sok \u00e9s m\u00e9g sok-sok \u00e9s m\u00e9g sok-sok \u00e9s m\u00e9g sok-sok term\u00e9szeti jelens\u00e9g lehetne ennek az \u00edr\u00e1snak a tartalma, ... lehetne folytatni a v\u00e9gtelens\u00e9gig, ahogy az eg\u00e9sz izlandi term\u00e9szet is v\u00e9gtelen\u00fcl fejl\u0151dik \u00e9s naponta b\u0171v\u00f6li mag\u00e1t. \u00c9s bizony\u00e1ra gy\u00f6ny\u00f6r\u0171en olvashat\u00f3 lenne, ahogyan az eg\u00e9sz vulkanikus, viharos izlandi f\u00f6ld is gy\u00f6ny\u00f6r\u0171en olvashat\u00f3.<span class=\"Apple-converted-space\">\u00a0<\/span><\/p>\n<p>Az izlandiak a mai napig meg\u0151riztek egy \u0151si saj\u00e1toss\u00e1got. Ezt \u00fagy h\u00edvj\u00e1k <i>Vegvisir <\/i>\u00e9s a k\u00f6db\u0151l, viharb\u00f3l, es\u0151b\u0151l val\u00f3 boldog hazat\u00e9r\u00e9s szimb\u00f3luma. Seg\u00edtse teh\u00e1t val\u00f3ban az izlandiakat, hogy mindig hazat\u00e9rjenek, hazat\u00e9rjenek f\u00f6ldj\u00fckre, otthonukba, hogy \u00f6r\u00f6kre meg\u0151rizz\u00e9k ezt a dr\u00e1ga szigetet minden sz\u00e9ps\u00e9g\u00e9ben \u00e9s embers\u00e9g\u00e9ben...<\/p>\n<p><i>Takk fyrir, \u00cdsland!<\/i><\/p>\n<p style=\"text-align: right;\"><em><strong>Ing. Zuzana Z\u00e1horanov\u00e1<\/strong><\/em><\/p>\n<p style=\"text-align: right;\">(fot\u00f3k Zuzana \u00e9s Dominika Z\u00e1horan arch\u00edvum\u00e1b\u00f3l)<\/p>\n<p><img loading=\"lazy\" decoding=\"async\" class=\"alignnone wp-image-2685 aligncenter\" src=\"https:\/\/soleylingo.sk\/wp-content\/uploads\/2024\/11\/IMG_6726-300x225.jpg\" alt=\"\" width=\"636\" height=\"477\" srcset=\"https:\/\/soleylingo.sk\/wp-content\/uploads\/2024\/11\/IMG_6726-300x225.jpg 300w, https:\/\/soleylingo.sk\/wp-content\/uploads\/2024\/11\/IMG_6726-1024x769.jpg 1024w, https:\/\/soleylingo.sk\/wp-content\/uploads\/2024\/11\/IMG_6726-768x577.jpg 768w, https:\/\/soleylingo.sk\/wp-content\/uploads\/2024\/11\/IMG_6726-16x12.jpg 16w, https:\/\/soleylingo.sk\/wp-content\/uploads\/2024\/11\/IMG_6726-600x451.jpg 600w, https:\/\/soleylingo.sk\/wp-content\/uploads\/2024\/11\/IMG_6726.jpg 1427w\" sizes=\"(max-width: 636px) 100vw, 636px\" \/><\/p>","protected":false},"excerpt":{"rendered":"<p>Izland k\u00e9t arc\u00e1t l\u00e1ttam Nem hozhatod haza egy m\u00e1sik vil\u00e1g egy darabj\u00e1t, nem \u00e9rezheted magad otthon ugyan\u00fagy, ahogyan k\u00f6zvetlen kapcsolatban vagy azzal a hellyel, ahol vagy \u00e9s amit \u00e9rz\u00e9kelsz, nem \u00e9rezheted magad otthon egyed\u00fcl ugyan\u00fagy, ahogyan a t\u00f6rt\u00e9netedet alkot\u00f3 konkr\u00e9t emberekkel \u00e9rz\u00e9keled, de mindezt csendben meg\u0151rizheted a sz\u00edvedben, a m\u00e9ly eml\u00e9keidben \u00e9s a hat\u00e1rtalan lehet\u0151s\u00e9geidben, amik [...].<\/p>","protected":false},"author":2,"featured_media":2647,"comment_status":"open","ping_status":"open","sticky":false,"template":"","format":"standard","meta":{"_seopress_robots_primary_cat":"none","_seopress_titles_title":"","_seopress_titles_desc":"","_seopress_robots_index":"","site-sidebar-layout":"default","site-content-layout":"","ast-site-content-layout":"default","site-content-style":"default","site-sidebar-style":"default","ast-global-header-display":"","ast-banner-title-visibility":"","ast-main-header-display":"","ast-hfb-above-header-display":"","ast-hfb-below-header-display":"","ast-hfb-mobile-header-display":"","site-post-title":"","ast-breadcrumbs-content":"","ast-featured-img":"","footer-sml-layout":"","theme-transparent-header-meta":"default","adv-header-id-meta":"","stick-header-meta":"","header-above-stick-meta":"","header-main-stick-meta":"","header-below-stick-meta":"","astra-migrate-meta-layouts":"set","ast-page-background-enabled":"default","ast-page-background-meta":{"desktop":{"background-color":"","background-image":"","background-repeat":"repeat","background-position":"center center","background-size":"auto","background-attachment":"scroll","background-type":"","background-media":"","overlay-type":"","overlay-color":"","overlay-gradient":""},"tablet":{"background-color":"","background-image":"","background-repeat":"repeat","background-position":"center center","background-size":"auto","background-attachment":"scroll","background-type":"","background-media":"","overlay-type":"","overlay-color":"","overlay-gradient":""},"mobile":{"background-color":"","background-image":"","background-repeat":"repeat","background-position":"center center","background-size":"auto","background-attachment":"scroll","background-type":"","background-media":"","overlay-type":"","overlay-color":"","overlay-gradient":""}},"ast-content-background-meta":{"desktop":{"background-color":"var(--ast-global-color-5)","background-image":"","background-repeat":"repeat","background-position":"center center","background-size":"auto","background-attachment":"scroll","background-type":"","background-media":"","overlay-type":"","overlay-color":"","overlay-gradient":""},"tablet":{"background-color":"var(--ast-global-color-5)","background-image":"","background-repeat":"repeat","background-position":"center center","background-size":"auto","background-attachment":"scroll","background-type":"","background-media":"","overlay-type":"","overlay-color":"","overlay-gradient":""},"mobile":{"background-color":"var(--ast-global-color-5)","background-image":"","background-repeat":"repeat","background-position":"center center","background-size":"auto","background-attachment":"scroll","background-type":"","background-media":"","overlay-type":"","overlay-color":"","overlay-gradient":""}},"pgc_sgb_lightbox_settings":"","footnotes":""},"categories":[26],"tags":[],"class_list":["post-2645","post","type-post","status-publish","format-standard","has-post-thumbnail","hentry","category-soley-blog"],"_links":{"self":[{"href":"https:\/\/soleylingo.sk\/hu\/wp-json\/wp\/v2\/posts\/2645","targetHints":{"allow":["GET"]}}],"collection":[{"href":"https:\/\/soleylingo.sk\/hu\/wp-json\/wp\/v2\/posts"}],"about":[{"href":"https:\/\/soleylingo.sk\/hu\/wp-json\/wp\/v2\/types\/post"}],"author":[{"embeddable":true,"href":"https:\/\/soleylingo.sk\/hu\/wp-json\/wp\/v2\/users\/2"}],"replies":[{"embeddable":true,"href":"https:\/\/soleylingo.sk\/hu\/wp-json\/wp\/v2\/comments?post=2645"}],"version-history":[{"count":17,"href":"https:\/\/soleylingo.sk\/hu\/wp-json\/wp\/v2\/posts\/2645\/revisions"}],"predecessor-version":[{"id":2687,"href":"https:\/\/soleylingo.sk\/hu\/wp-json\/wp\/v2\/posts\/2645\/revisions\/2687"}],"wp:featuredmedia":[{"embeddable":true,"href":"https:\/\/soleylingo.sk\/hu\/wp-json\/wp\/v2\/media\/2647"}],"wp:attachment":[{"href":"https:\/\/soleylingo.sk\/hu\/wp-json\/wp\/v2\/media?parent=2645"}],"wp:term":[{"taxonomy":"category","embeddable":true,"href":"https:\/\/soleylingo.sk\/hu\/wp-json\/wp\/v2\/categories?post=2645"},{"taxonomy":"post_tag","embeddable":true,"href":"https:\/\/soleylingo.sk\/hu\/wp-json\/wp\/v2\/tags?post=2645"}],"curies":[{"name":"wp","href":"https:\/\/api.w.org\/{rel}","templated":true}]}}